{"id":2907,"date":"2021-02-26T10:50:44","date_gmt":"2021-02-26T09:50:44","guid":{"rendered":"https:\/\/blogsaverroes.juntadeandalucia.es\/ceiptirsodemolina\/?p=2907"},"modified":"2021-09-08T16:41:13","modified_gmt":"2021-09-08T15:41:13","slug":"carnaval-2021","status":"publish","type":"post","link":"https:\/\/blogsaverroes.juntadeandalucia.es\/ceiptirsodemolina\/2021\/02\/26\/carnaval-2021\/","title":{"rendered":"Carnaval 2021"},"content":{"rendered":"<div>La <strong>semana del 16 al 19 de febrero<\/strong>, si bien no hemos podido celebrar el<strong> carnaval<\/strong> como nos hubiera gustado, pensamos que nuestro alumnado se merec\u00eda poder hacer algo diferente y divertido. Est\u00e1n siendo unos campeones y campeonas viviendo esta situaci\u00f3n tan inc\u00f3moda, para todos, sin quejarse.&nbsp;<\/div>\n<div>As\u00ed la recomendaci\u00f3n fue:<\/div>\n<div><strong>&#8211; MARTES:<\/strong> venir a clase con ropa grande.<\/div>\n<div><strong>&#8211; MI\u00c9RCOLES:<\/strong> venir a clase con zapatos diferentes y los calcetines por fuera.<\/div>\n<div><strong>&#8211; JUEVES:<\/strong> venir al cole con algo divertido en la cabeza y vestidos enteros del mismo color.<\/div>\n<div><strong>&#8211; VIERNES:<\/strong> venir con una capa o antifaz, como los superh\u00e9roes y superhero\u00ednas que son.<\/div>\n<div>Como siempre, venir con estas prendas o no, era totalmente voluntario, se trataba de que de alguna forma pudi\u00e9ramos celebrar el <span class=\"il\">carnaval,<\/span> al tiempo que respet\u00e1bamos las tan necesarias medidas de seguridad.&nbsp;<\/div>\n<div>Os dejamos con un <strong>v\u00eddeo<\/strong> de las fotos que hemos ido sacando durante la semana.<\/div>\n<div style=\"text-align: center\">&nbsp;<\/div>\n<div><iframe src=\"\/\/www.youtube.com\/embed\/wuZFsK0wklw\" width=\"560\" height=\"314\"><\/iframe><\/div>\n","protected":false},"excerpt":{"rendered":"<p>La semana del 16 al 19 de febrero, si bien no hemos podido celebrar el carnaval como nos hubiera gustado, pensamos que nuestro alumnado se merec\u00eda poder hacer algo diferente y divertido. Est\u00e1n siendo unos campeones y campeonas viviendo esta situaci\u00f3n tan inc\u00f3moda, para todos, sin quejarse.&nbsp; As\u00ed la recomendaci\u00f3n fue: &#8211; MARTES: venir a &hellip; <\/p>\n<p><a class=\"more-link btn\" href=\"https:\/\/blogsaverroes.juntadeandalucia.es\/ceiptirsodemolina\/2021\/02\/26\/carnaval-2021\/\">Seguir leyendo<\/a><\/p>\n","protected":false},"author":7653,"featured_media":2909,"comment_status":"closed","ping_status":"closed","sticky":false,"template":"","format":"standard","meta":{"ngg_post_thumbnail":0,"footnotes":""},"categories":[5991,526],"tags":[],"aioseo_notices":[],"_links":{"self":[{"href":"https:\/\/blogsaverroes.juntadeandalucia.es\/ceiptirsodemolina\/wp-json\/wp\/v2\/posts\/2907"}],"collection":[{"href":"https:\/\/blogsaverroes.juntadeandalucia.es\/ceiptirsodemolina\/wp-json\/wp\/v2\/posts"}],"about":[{"href":"https:\/\/blogsaverroes.juntadeandalucia.es\/ceiptirsodemolina\/wp-json\/wp\/v2\/types\/post"}],"author":[{"embeddable":true,"href":"https:\/\/blogsaverroes.juntadeandalucia.es\/ceiptirsodemolina\/wp-json\/wp\/v2\/users\/7653"}],"replies":[{"embeddable":true,"href":"https:\/\/blogsaverroes.juntadeandalucia.es\/ceiptirsodemolina\/wp-json\/wp\/v2\/comments?post=2907"}],"version-history":[{"count":3,"href":"https:\/\/blogsaverroes.juntadeandalucia.es\/ceiptirsodemolina\/wp-json\/wp\/v2\/posts\/2907\/revisions"}],"predecessor-version":[{"id":2911,"href":"https:\/\/blogsaverroes.juntadeandalucia.es\/ceiptirsodemolina\/wp-json\/wp\/v2\/posts\/2907\/revisions\/2911"}],"wp:featuredmedia":[{"embeddable":true,"href":"https:\/\/blogsaverroes.juntadeandalucia.es\/ceiptirsodemolina\/wp-json\/wp\/v2\/media\/2909"}],"wp:attachment":[{"href":"https:\/\/blogsaverroes.juntadeandalucia.es\/ceiptirsodemolina\/wp-json\/wp\/v2\/media?parent=2907"}],"wp:term":[{"taxonomy":"category","embeddable":true,"href":"https:\/\/blogsaverroes.juntadeandalucia.es\/ceiptirsodemolina\/wp-json\/wp\/v2\/categories?post=2907"},{"taxonomy":"post_tag","embeddable":true,"href":"https:\/\/blogsaverroes.juntadeandalucia.es\/ceiptirsodemolina\/wp-json\/wp\/v2\/tags?post=2907"}],"curies":[{"name":"wp","href":"https:\/\/api.w.org\/{rel}","templated":true}]}}