{"id":3106,"date":"2021-12-21T16:49:27","date_gmt":"2021-12-21T15:49:27","guid":{"rendered":"https:\/\/blogsaverroes.juntadeandalucia.es\/ceiptirsodemolina\/?p=3106"},"modified":"2023-02-08T11:24:13","modified_gmt":"2023-02-08T10:24:13","slug":"navidad-en-el-cole","status":"publish","type":"post","link":"https:\/\/blogsaverroes.juntadeandalucia.es\/ceiptirsodemolina\/2021\/12\/21\/navidad-en-el-cole\/","title":{"rendered":"Navidad en el cole 2021"},"content":{"rendered":"<p><span class=\"\">Entre todos los ni\u00f1os\/as del ciclo de Infantil del <strong>CEIP Tirso Molina<\/strong> hemos realizado este video con mucho cari\u00f1o, espero que lo disfrut\u00e9is y que pas\u00e9is una bonita Navidad.<\/span><\/p>\n<p>&nbsp;<\/p>\n<p>https:\/\/www.instagram.com\/tv\/CXv_q84Anp6\/?utm_source=ig_web_copy_link<\/p>\n<h2><strong><span style=\"color: #0000ff\">Nuestra felicitaci\u00f3n Navide\u00f1a<\/span><\/strong><\/h2>\n<div style=\"width: 847px;\" class=\"wp-video\"><!--[if lt IE 9]><script>document.createElement('video');<\/script><![endif]-->\n<video class=\"wp-video-shortcode\" id=\"video-3106-1\" width=\"847\" height=\"477\" preload=\"metadata\" controls=\"controls\"><source type=\"video\/mp4\" src=\"https:\/\/blogsaverroes.juntadeandalucia.es\/ceiptirsodemolina\/files\/2021\/12\/20211216_2019111.mp4?_=1\" \/><a href=\"https:\/\/blogsaverroes.juntadeandalucia.es\/ceiptirsodemolina\/files\/2021\/12\/20211216_2019111.mp4\">https:\/\/blogsaverroes.juntadeandalucia.es\/ceiptirsodemolina\/files\/2021\/12\/20211216_2019111.mp4<\/a><\/video><\/div>\n<p>&nbsp;<\/p>\n<p>&nbsp;<\/p>\n","protected":false},"excerpt":{"rendered":"<p>Entre todos los ni\u00f1os\/as del ciclo de Infantil del CEIP Tirso Molina hemos realizado este video con mucho cari\u00f1o, espero que lo disfrut\u00e9is y que pas\u00e9is una bonita Navidad. &nbsp; https:\/\/www.instagram.com\/tv\/CXv_q84Anp6\/?utm_source=ig_web_copy_link Nuestra felicitaci\u00f3n Navide\u00f1a &nbsp; &nbsp;<\/p>\n","protected":false},"author":7653,"featured_media":3107,"comment_status":"closed","ping_status":"closed","sticky":false,"template":"","format":"standard","meta":{"ngg_post_thumbnail":0,"footnotes":""},"categories":[5991,526],"tags":[],"aioseo_notices":[],"_links":{"self":[{"href":"https:\/\/blogsaverroes.juntadeandalucia.es\/ceiptirsodemolina\/wp-json\/wp\/v2\/posts\/3106"}],"collection":[{"href":"https:\/\/blogsaverroes.juntadeandalucia.es\/ceiptirsodemolina\/wp-json\/wp\/v2\/posts"}],"about":[{"href":"https:\/\/blogsaverroes.juntadeandalucia.es\/ceiptirsodemolina\/wp-json\/wp\/v2\/types\/post"}],"author":[{"embeddable":true,"href":"https:\/\/blogsaverroes.juntadeandalucia.es\/ceiptirsodemolina\/wp-json\/wp\/v2\/users\/7653"}],"replies":[{"embeddable":true,"href":"https:\/\/blogsaverroes.juntadeandalucia.es\/ceiptirsodemolina\/wp-json\/wp\/v2\/comments?post=3106"}],"version-history":[{"count":3,"href":"https:\/\/blogsaverroes.juntadeandalucia.es\/ceiptirsodemolina\/wp-json\/wp\/v2\/posts\/3106\/revisions"}],"predecessor-version":[{"id":3111,"href":"https:\/\/blogsaverroes.juntadeandalucia.es\/ceiptirsodemolina\/wp-json\/wp\/v2\/posts\/3106\/revisions\/3111"}],"wp:featuredmedia":[{"embeddable":true,"href":"https:\/\/blogsaverroes.juntadeandalucia.es\/ceiptirsodemolina\/wp-json\/wp\/v2\/media\/3107"}],"wp:attachment":[{"href":"https:\/\/blogsaverroes.juntadeandalucia.es\/ceiptirsodemolina\/wp-json\/wp\/v2\/media?parent=3106"}],"wp:term":[{"taxonomy":"category","embeddable":true,"href":"https:\/\/blogsaverroes.juntadeandalucia.es\/ceiptirsodemolina\/wp-json\/wp\/v2\/categories?post=3106"},{"taxonomy":"post_tag","embeddable":true,"href":"https:\/\/blogsaverroes.juntadeandalucia.es\/ceiptirsodemolina\/wp-json\/wp\/v2\/tags?post=3106"}],"curies":[{"name":"wp","href":"https:\/\/api.w.org\/{rel}","templated":true}]}}