{"id":1241,"date":"2021-04-15T18:58:38","date_gmt":"2021-04-15T17:58:38","guid":{"rendered":"https:\/\/blogsaverroes.juntadeandalucia.es\/ceiptorrijos\/?p=1241"},"modified":"2021-08-20T18:59:55","modified_gmt":"2021-08-20T17:59:55","slug":"dia-del-libro-2021","status":"publish","type":"post","link":"https:\/\/blogsaverroes.juntadeandalucia.es\/ceiptorrijos\/dia-del-libro-2021\/","title":{"rendered":"D\u00cdA DEL LIBRO 2021"},"content":{"rendered":"<p>El D\u00eda del Libro est\u00e1 pr\u00f3ximo y nosotros hemos empezado a preparar las distintas actividades que se van a realizar. Aqu\u00ed tenemos la primera, un precioso poema del escritor Andr\u00e9s Diaz Marrero, recitado por una representaci\u00f3n de todos los ni\u00f1os del cole.<\/p>\n<p><iframe loading=\"lazy\" title=\"Actividades D\u00eda del Libro 2021\" width=\"1080\" height=\"608\" src=\"https:\/\/www.youtube.com\/embed\/hbNwDOh-rUk?feature=oembed\" frameborder=\"0\" allow=\"accelerometer; autoplay; clipboard-write; encrypted-media; gyroscope; picture-in-picture\" allowfullscreen><\/iframe><\/p>\n","protected":false},"excerpt":{"rendered":"<p>El D\u00eda del Libro est\u00e1 pr\u00f3ximo y nosotros hemos empezado a preparar las distintas actividades que se van a realizar. Aqu\u00ed tenemos la primera, un precioso poema del escritor Andr\u00e9s Diaz Marrero, recitado por una representaci\u00f3n de todos los ni\u00f1os del cole.<\/p>\n","protected":false},"author":12404,"featured_media":0,"comment_status":"closed","ping_status":"open","sticky":false,"template":"","format":"standard","meta":{"_et_pb_use_builder":"","_et_pb_old_content":"","_et_gb_content_width":"","ngg_post_thumbnail":0,"footnotes":""},"categories":[1],"tags":[10],"aioseo_notices":[],"_links":{"self":[{"href":"https:\/\/blogsaverroes.juntadeandalucia.es\/ceiptorrijos\/wp-json\/wp\/v2\/posts\/1241"}],"collection":[{"href":"https:\/\/blogsaverroes.juntadeandalucia.es\/ceiptorrijos\/wp-json\/wp\/v2\/posts"}],"about":[{"href":"https:\/\/blogsaverroes.juntadeandalucia.es\/ceiptorrijos\/wp-json\/wp\/v2\/types\/post"}],"author":[{"embeddable":true,"href":"https:\/\/blogsaverroes.juntadeandalucia.es\/ceiptorrijos\/wp-json\/wp\/v2\/users\/12404"}],"replies":[{"embeddable":true,"href":"https:\/\/blogsaverroes.juntadeandalucia.es\/ceiptorrijos\/wp-json\/wp\/v2\/comments?post=1241"}],"version-history":[{"count":1,"href":"https:\/\/blogsaverroes.juntadeandalucia.es\/ceiptorrijos\/wp-json\/wp\/v2\/posts\/1241\/revisions"}],"predecessor-version":[{"id":1242,"href":"https:\/\/blogsaverroes.juntadeandalucia.es\/ceiptorrijos\/wp-json\/wp\/v2\/posts\/1241\/revisions\/1242"}],"wp:attachment":[{"href":"https:\/\/blogsaverroes.juntadeandalucia.es\/ceiptorrijos\/wp-json\/wp\/v2\/media?parent=1241"}],"wp:term":[{"taxonomy":"category","embeddable":true,"href":"https:\/\/blogsaverroes.juntadeandalucia.es\/ceiptorrijos\/wp-json\/wp\/v2\/categories?post=1241"},{"taxonomy":"post_tag","embeddable":true,"href":"https:\/\/blogsaverroes.juntadeandalucia.es\/ceiptorrijos\/wp-json\/wp\/v2\/tags?post=1241"}],"curies":[{"name":"wp","href":"https:\/\/api.w.org\/{rel}","templated":true}]}}