{"id":2106,"date":"2022-03-09T11:16:14","date_gmt":"2022-03-09T10:16:14","guid":{"rendered":"https:\/\/blogsaverroes.juntadeandalucia.es\/ceiptorrijos\/?p=2106"},"modified":"2022-03-09T11:26:42","modified_gmt":"2022-03-09T10:26:42","slug":"visita-de-valvanera-eiriz","status":"publish","type":"post","link":"https:\/\/blogsaverroes.juntadeandalucia.es\/ceiptorrijos\/visita-de-valvanera-eiriz\/","title":{"rendered":"Visita de Valvanera Eiriz"},"content":{"rendered":"\r\n\r\n\r\n<p style=\"text-align: left\"><span style=\"font-family: 'comic sans ms', sans-serif;font-size: 12pt\">Hoy el alumnado de 5\u00bay 6\u00ba han recibido a la F\u00edsica Valvanera Eiriz del Instituto Nacional de Tecnolog\u00eda Aeroespacial (INTA) de Torrej\u00f3n de Ardoz. Hemos tenido la suerte de contar con ella de forma presencial en el cole, ha venido expresamente para estar con nuestro alumnado y explicarles en qu\u00e9 consiste su trabajo y c\u00f3mo se fabrica un sat\u00e9lite y otros aparatos aeroespaciales.<\/span><br><span style=\"font-family: 'comic sans ms', sans-serif;font-size: 12pt\">Esta actividad se ha podido realizar gracias a la colaboraci\u00f3n familiar y al esfuerzo de la ponente que se ha desplazado hasta aqu\u00ed para estar con nuestros ni\u00f1os.<\/span><br><span style=\"font-family: 'comic sans ms', sans-serif;font-size: 12pt\">Es una actividad enmarcada dentro del <em>Programa STEAM<\/em> aeroespacial y relacionada con la celebraci\u00f3n del 8 de marzo.<\/span><\/p>\r\n\r\n\r\n\r\n<figure class=\"wp-block-image size-large\"><img decoding=\"async\" class=\"wp-image-2101\" src=\"https:\/\/blogsaverroes.juntadeandalucia.es\/ceiptorrijos\/files\/2022\/03\/IMG_20220307_182936_545.jpg\" alt=\"\"><\/figure>\r\n\r\n\r\n\r\n<figure class=\"wp-block-image\"><img decoding=\"async\" class=\"wp-image-2105\" src=\"https:\/\/blogsaverroes.juntadeandalucia.es\/ceiptorrijos\/files\/2022\/03\/IMG_20220307_182936_649.jpg\" alt=\"\"><\/figure>\r\n\r\n\r\n\r\n<figure class=\"wp-block-image\"><img decoding=\"async\" class=\"wp-image-2103\" src=\"https:\/\/blogsaverroes.juntadeandalucia.es\/ceiptorrijos\/files\/2022\/03\/IMG_20220307_182936_797.jpg\" alt=\"\"><\/figure>\r\n\r\n\r\n\r\n<figure class=\"wp-block-image\"><img decoding=\"async\" class=\"wp-image-2102\" src=\"https:\/\/blogsaverroes.juntadeandalucia.es\/ceiptorrijos\/files\/2022\/03\/IMG_20220307_182936_825.jpg\" alt=\"\"><\/figure>\r\n\r\n\r\n\r\n<figure class=\"wp-block-image\"><img decoding=\"async\" class=\"wp-image-2100\" src=\"https:\/\/blogsaverroes.juntadeandalucia.es\/ceiptorrijos\/files\/2022\/03\/IMG_20220307_182936_844.jpg\" alt=\"\"><\/figure>\r\n\r\n\r\n\r\n<figure class=\"wp-block-image\"><img loading=\"lazy\" decoding=\"async\" width=\"2048\" height=\"1537\" class=\"wp-image-2099\" src=\"https:\/\/blogsaverroes.juntadeandalucia.es\/ceiptorrijos\/files\/2022\/03\/IMG-20220307-WA0022.jpg\" alt=\"\" srcset=\"https:\/\/blogsaverroes.juntadeandalucia.es\/ceiptorrijos\/files\/2022\/03\/IMG-20220307-WA0022.jpg 2048w, https:\/\/blogsaverroes.juntadeandalucia.es\/ceiptorrijos\/files\/2022\/03\/IMG-20220307-WA0022-1280x961.jpg 1280w, https:\/\/blogsaverroes.juntadeandalucia.es\/ceiptorrijos\/files\/2022\/03\/IMG-20220307-WA0022-980x735.jpg 980w, https:\/\/blogsaverroes.juntadeandalucia.es\/ceiptorrijos\/files\/2022\/03\/IMG-20220307-WA0022-480x360.jpg 480w\" sizes=\"(min-width: 0px) and (max-width: 480px) 480px, (min-width: 481px) and (max-width: 980px) 980px, (min-width: 981px) and (max-width: 1280px) 1280px, (min-width: 1281px) 2048px, 100vw\" \/><\/figure>\r\n\r\n\r\n\r\n<figure class=\"wp-block-image\"><img loading=\"lazy\" decoding=\"async\" width=\"2000\" height=\"1500\" class=\"wp-image-2104\" src=\"https:\/\/blogsaverroes.juntadeandalucia.es\/ceiptorrijos\/files\/2022\/03\/IMG-20220307-WA0013.jpg\" alt=\"\" srcset=\"https:\/\/blogsaverroes.juntadeandalucia.es\/ceiptorrijos\/files\/2022\/03\/IMG-20220307-WA0013.jpg 2000w, https:\/\/blogsaverroes.juntadeandalucia.es\/ceiptorrijos\/files\/2022\/03\/IMG-20220307-WA0013-1280x960.jpg 1280w, https:\/\/blogsaverroes.juntadeandalucia.es\/ceiptorrijos\/files\/2022\/03\/IMG-20220307-WA0013-980x735.jpg 980w, https:\/\/blogsaverroes.juntadeandalucia.es\/ceiptorrijos\/files\/2022\/03\/IMG-20220307-WA0013-480x360.jpg 480w\" sizes=\"(min-width: 0px) and (max-width: 480px) 480px, (min-width: 481px) and (max-width: 980px) 980px, (min-width: 981px) and (max-width: 1280px) 1280px, (min-width: 1281px) 2000px, 100vw\" \/><\/figure>\r\n","protected":false},"excerpt":{"rendered":"<p>Hoy el alumnado de 5\u00bay 6\u00ba han recibido a la F\u00edsica Valvanera Eiriz del Instituto Nacional de Tecnolog\u00eda Aeroespacial (INTA) de Torrej\u00f3n de Ardoz. Hemos tenido la suerte de contar con ella de forma presencial en el cole, ha venido expresamente para estar con nuestro alumnado y explicarles en qu\u00e9 consiste su trabajo y c\u00f3mo [&hellip;]<\/p>\n","protected":false},"author":12404,"featured_media":2108,"comment_status":"closed","ping_status":"open","sticky":false,"template":"","format":"standard","meta":{"_et_pb_use_builder":"","_et_pb_old_content":"","_et_gb_content_width":"","ngg_post_thumbnail":0,"footnotes":""},"categories":[4],"tags":[37,15,38],"aioseo_notices":[],"_links":{"self":[{"href":"https:\/\/blogsaverroes.juntadeandalucia.es\/ceiptorrijos\/wp-json\/wp\/v2\/posts\/2106"}],"collection":[{"href":"https:\/\/blogsaverroes.juntadeandalucia.es\/ceiptorrijos\/wp-json\/wp\/v2\/posts"}],"about":[{"href":"https:\/\/blogsaverroes.juntadeandalucia.es\/ceiptorrijos\/wp-json\/wp\/v2\/types\/post"}],"author":[{"embeddable":true,"href":"https:\/\/blogsaverroes.juntadeandalucia.es\/ceiptorrijos\/wp-json\/wp\/v2\/users\/12404"}],"replies":[{"embeddable":true,"href":"https:\/\/blogsaverroes.juntadeandalucia.es\/ceiptorrijos\/wp-json\/wp\/v2\/comments?post=2106"}],"version-history":[{"count":3,"href":"https:\/\/blogsaverroes.juntadeandalucia.es\/ceiptorrijos\/wp-json\/wp\/v2\/posts\/2106\/revisions"}],"predecessor-version":[{"id":2110,"href":"https:\/\/blogsaverroes.juntadeandalucia.es\/ceiptorrijos\/wp-json\/wp\/v2\/posts\/2106\/revisions\/2110"}],"wp:featuredmedia":[{"embeddable":true,"href":"https:\/\/blogsaverroes.juntadeandalucia.es\/ceiptorrijos\/wp-json\/wp\/v2\/media\/2108"}],"wp:attachment":[{"href":"https:\/\/blogsaverroes.juntadeandalucia.es\/ceiptorrijos\/wp-json\/wp\/v2\/media?parent=2106"}],"wp:term":[{"taxonomy":"category","embeddable":true,"href":"https:\/\/blogsaverroes.juntadeandalucia.es\/ceiptorrijos\/wp-json\/wp\/v2\/categories?post=2106"},{"taxonomy":"post_tag","embeddable":true,"href":"https:\/\/blogsaverroes.juntadeandalucia.es\/ceiptorrijos\/wp-json\/wp\/v2\/tags?post=2106"}],"curies":[{"name":"wp","href":"https:\/\/api.w.org\/{rel}","templated":true}]}}