{"id":2149,"date":"2022-05-05T08:57:04","date_gmt":"2022-05-05T07:57:04","guid":{"rendered":"https:\/\/blogsaverroes.juntadeandalucia.es\/ceiptorrijos\/?p=2149"},"modified":"2022-05-05T08:57:10","modified_gmt":"2022-05-05T07:57:10","slug":"taller-de-marcapaginas","status":"publish","type":"post","link":"https:\/\/blogsaverroes.juntadeandalucia.es\/ceiptorrijos\/taller-de-marcapaginas\/","title":{"rendered":"Taller de marcap\u00e1ginas"},"content":{"rendered":"<p><span style=\"font-family: 'comic sans ms', sans-serif;font-size: 14pt\">Durante la semana del 25 al 29 de abril hemos celebrado la efem\u00e9ride del Dia del Libro. Toda una semana con actividades muy interesantes como este Taller de marcap\u00e1ginas donde los alumnos aprovecharon cualquier rinc\u00f3n del patio para colorear sus marcap\u00e1ginas.<\/span><\/p>\n<p><a href=\"https:\/\/blogsaverroes.juntadeandalucia.es\/ceiptorrijos\/taller-de-marcapaginas\/img-20220427-wa0024\/\" rel=\"attachment wp-att-2150\"><img loading=\"lazy\" decoding=\"async\" class=\"alignnone size-full wp-image-2150\" src=\"https:\/\/blogsaverroes.juntadeandalucia.es\/ceiptorrijos\/files\/2022\/05\/IMG-20220427-WA0024.jpg\" alt=\"\" width=\"2048\" height=\"1536\" srcset=\"https:\/\/blogsaverroes.juntadeandalucia.es\/ceiptorrijos\/files\/2022\/05\/IMG-20220427-WA0024.jpg 2048w, https:\/\/blogsaverroes.juntadeandalucia.es\/ceiptorrijos\/files\/2022\/05\/IMG-20220427-WA0024-1280x960.jpg 1280w, https:\/\/blogsaverroes.juntadeandalucia.es\/ceiptorrijos\/files\/2022\/05\/IMG-20220427-WA0024-980x735.jpg 980w, https:\/\/blogsaverroes.juntadeandalucia.es\/ceiptorrijos\/files\/2022\/05\/IMG-20220427-WA0024-480x360.jpg 480w\" sizes=\"(min-width: 0px) and (max-width: 480px) 480px, (min-width: 481px) and (max-width: 980px) 980px, (min-width: 981px) and (max-width: 1280px) 1280px, (min-width: 1281px) 2048px, 100vw\" \/><\/a> <a href=\"https:\/\/blogsaverroes.juntadeandalucia.es\/ceiptorrijos\/taller-de-marcapaginas\/img-20220427-wa0008\/\" rel=\"attachment wp-att-2151\"><img loading=\"lazy\" decoding=\"async\" class=\"alignnone size-full wp-image-2151\" src=\"https:\/\/blogsaverroes.juntadeandalucia.es\/ceiptorrijos\/files\/2022\/05\/IMG-20220427-WA0008.jpg\" alt=\"\" width=\"2048\" height=\"1537\" srcset=\"https:\/\/blogsaverroes.juntadeandalucia.es\/ceiptorrijos\/files\/2022\/05\/IMG-20220427-WA0008.jpg 2048w, https:\/\/blogsaverroes.juntadeandalucia.es\/ceiptorrijos\/files\/2022\/05\/IMG-20220427-WA0008-1280x961.jpg 1280w, https:\/\/blogsaverroes.juntadeandalucia.es\/ceiptorrijos\/files\/2022\/05\/IMG-20220427-WA0008-980x735.jpg 980w, https:\/\/blogsaverroes.juntadeandalucia.es\/ceiptorrijos\/files\/2022\/05\/IMG-20220427-WA0008-480x360.jpg 480w\" sizes=\"(min-width: 0px) and (max-width: 480px) 480px, (min-width: 481px) and (max-width: 980px) 980px, (min-width: 981px) and (max-width: 1280px) 1280px, (min-width: 1281px) 2048px, 100vw\" \/><\/a> <a href=\"https:\/\/blogsaverroes.juntadeandalucia.es\/ceiptorrijos\/taller-de-marcapaginas\/img-20220425-wa0016\/\" rel=\"attachment wp-att-2152\"><img loading=\"lazy\" decoding=\"async\" class=\"alignnone size-full wp-image-2152\" src=\"https:\/\/blogsaverroes.juntadeandalucia.es\/ceiptorrijos\/files\/2022\/05\/IMG-20220425-WA0016.jpg\" alt=\"\" width=\"1200\" height=\"1600\" srcset=\"https:\/\/blogsaverroes.juntadeandalucia.es\/ceiptorrijos\/files\/2022\/05\/IMG-20220425-WA0016.jpg 1200w, https:\/\/blogsaverroes.juntadeandalucia.es\/ceiptorrijos\/files\/2022\/05\/IMG-20220425-WA0016-980x1307.jpg 980w, https:\/\/blogsaverroes.juntadeandalucia.es\/ceiptorrijos\/files\/2022\/05\/IMG-20220425-WA0016-480x640.jpg 480w\" sizes=\"(min-width: 0px) and (max-width: 480px) 480px, (min-width: 481px) and (max-width: 980px) 980px, (min-width: 981px) 1200px, 100vw\" \/><\/a> <a href=\"https:\/\/blogsaverroes.juntadeandalucia.es\/ceiptorrijos\/taller-de-marcapaginas\/img-20220425-wa0020\/\" rel=\"attachment wp-att-2153\"><img loading=\"lazy\" decoding=\"async\" class=\"alignnone size-full wp-image-2153\" src=\"https:\/\/blogsaverroes.juntadeandalucia.es\/ceiptorrijos\/files\/2022\/05\/IMG-20220425-WA0020.jpg\" alt=\"\" width=\"1200\" height=\"1600\" srcset=\"https:\/\/blogsaverroes.juntadeandalucia.es\/ceiptorrijos\/files\/2022\/05\/IMG-20220425-WA0020.jpg 1200w, https:\/\/blogsaverroes.juntadeandalucia.es\/ceiptorrijos\/files\/2022\/05\/IMG-20220425-WA0020-980x1307.jpg 980w, https:\/\/blogsaverroes.juntadeandalucia.es\/ceiptorrijos\/files\/2022\/05\/IMG-20220425-WA0020-480x640.jpg 480w\" sizes=\"(min-width: 0px) and (max-width: 480px) 480px, (min-width: 481px) and (max-width: 980px) 980px, (min-width: 981px) 1200px, 100vw\" \/><\/a> <a href=\"https:\/\/blogsaverroes.juntadeandalucia.es\/ceiptorrijos\/taller-de-marcapaginas\/img-20220425-wa0026\/\" rel=\"attachment wp-att-2154\"><img loading=\"lazy\" decoding=\"async\" class=\"alignnone size-full wp-image-2154\" src=\"https:\/\/blogsaverroes.juntadeandalucia.es\/ceiptorrijos\/files\/2022\/05\/IMG-20220425-WA0026.jpg\" alt=\"\" width=\"1200\" height=\"1600\" srcset=\"https:\/\/blogsaverroes.juntadeandalucia.es\/ceiptorrijos\/files\/2022\/05\/IMG-20220425-WA0026.jpg 1200w, https:\/\/blogsaverroes.juntadeandalucia.es\/ceiptorrijos\/files\/2022\/05\/IMG-20220425-WA0026-980x1307.jpg 980w, https:\/\/blogsaverroes.juntadeandalucia.es\/ceiptorrijos\/files\/2022\/05\/IMG-20220425-WA0026-480x640.jpg 480w\" sizes=\"(min-width: 0px) and (max-width: 480px) 480px, (min-width: 481px) and (max-width: 980px) 980px, (min-width: 981px) 1200px, 100vw\" \/><\/a> <a href=\"https:\/\/blogsaverroes.juntadeandalucia.es\/ceiptorrijos\/taller-de-marcapaginas\/img-20220425-wa0017\/\" rel=\"attachment wp-att-2155\"><img loading=\"lazy\" decoding=\"async\" class=\"alignnone size-full wp-image-2155\" src=\"https:\/\/blogsaverroes.juntadeandalucia.es\/ceiptorrijos\/files\/2022\/05\/IMG-20220425-WA0017.jpg\" alt=\"\" width=\"1200\" height=\"1600\" srcset=\"https:\/\/blogsaverroes.juntadeandalucia.es\/ceiptorrijos\/files\/2022\/05\/IMG-20220425-WA0017.jpg 1200w, https:\/\/blogsaverroes.juntadeandalucia.es\/ceiptorrijos\/files\/2022\/05\/IMG-20220425-WA0017-980x1307.jpg 980w, https:\/\/blogsaverroes.juntadeandalucia.es\/ceiptorrijos\/files\/2022\/05\/IMG-20220425-WA0017-480x640.jpg 480w\" sizes=\"(min-width: 0px) and (max-width: 480px) 480px, (min-width: 481px) and (max-width: 980px) 980px, (min-width: 981px) 1200px, 100vw\" \/><\/a> <a href=\"https:\/\/blogsaverroes.juntadeandalucia.es\/ceiptorrijos\/taller-de-marcapaginas\/img-20220425-wa00281\/\" rel=\"attachment wp-att-2157\"><img loading=\"lazy\" decoding=\"async\" class=\"alignnone size-full wp-image-2157\" src=\"https:\/\/blogsaverroes.juntadeandalucia.es\/ceiptorrijos\/files\/2022\/05\/IMG-20220425-WA00281.jpg\" alt=\"\" width=\"1200\" height=\"1600\" srcset=\"https:\/\/blogsaverroes.juntadeandalucia.es\/ceiptorrijos\/files\/2022\/05\/IMG-20220425-WA00281.jpg 1200w, https:\/\/blogsaverroes.juntadeandalucia.es\/ceiptorrijos\/files\/2022\/05\/IMG-20220425-WA00281-980x1307.jpg 980w, https:\/\/blogsaverroes.juntadeandalucia.es\/ceiptorrijos\/files\/2022\/05\/IMG-20220425-WA00281-480x640.jpg 480w\" sizes=\"(min-width: 0px) and (max-width: 480px) 480px, (min-width: 481px) and (max-width: 980px) 980px, (min-width: 981px) 1200px, 100vw\" \/><\/a> <a href=\"https:\/\/blogsaverroes.juntadeandalucia.es\/ceiptorrijos\/taller-de-marcapaginas\/img-20220425-wa00131\/\" rel=\"attachment wp-att-2158\"><img loading=\"lazy\" decoding=\"async\" class=\"alignnone size-full wp-image-2158\" src=\"https:\/\/blogsaverroes.juntadeandalucia.es\/ceiptorrijos\/files\/2022\/05\/IMG-20220425-WA00131.jpg\" alt=\"\" width=\"1600\" height=\"1200\" srcset=\"https:\/\/blogsaverroes.juntadeandalucia.es\/ceiptorrijos\/files\/2022\/05\/IMG-20220425-WA00131.jpg 1600w, https:\/\/blogsaverroes.juntadeandalucia.es\/ceiptorrijos\/files\/2022\/05\/IMG-20220425-WA00131-1280x960.jpg 1280w, https:\/\/blogsaverroes.juntadeandalucia.es\/ceiptorrijos\/files\/2022\/05\/IMG-20220425-WA00131-980x735.jpg 980w, https:\/\/blogsaverroes.juntadeandalucia.es\/ceiptorrijos\/files\/2022\/05\/IMG-20220425-WA00131-480x360.jpg 480w\" sizes=\"(min-width: 0px) and (max-width: 480px) 480px, (min-width: 481px) and (max-width: 980px) 980px, (min-width: 981px) and (max-width: 1280px) 1280px, (min-width: 1281px) 1600px, 100vw\" \/><\/a> <a href=\"https:\/\/blogsaverroes.juntadeandalucia.es\/ceiptorrijos\/taller-de-marcapaginas\/img-20220425-wa00071\/\" rel=\"attachment wp-att-2159\"><img loading=\"lazy\" decoding=\"async\" class=\"alignnone size-full wp-image-2159\" src=\"https:\/\/blogsaverroes.juntadeandalucia.es\/ceiptorrijos\/files\/2022\/05\/IMG-20220425-WA00071.jpg\" alt=\"\" width=\"1200\" height=\"1600\" srcset=\"https:\/\/blogsaverroes.juntadeandalucia.es\/ceiptorrijos\/files\/2022\/05\/IMG-20220425-WA00071.jpg 1200w, https:\/\/blogsaverroes.juntadeandalucia.es\/ceiptorrijos\/files\/2022\/05\/IMG-20220425-WA00071-980x1307.jpg 980w, https:\/\/blogsaverroes.juntadeandalucia.es\/ceiptorrijos\/files\/2022\/05\/IMG-20220425-WA00071-480x640.jpg 480w\" sizes=\"(min-width: 0px) and (max-width: 480px) 480px, (min-width: 481px) and (max-width: 980px) 980px, (min-width: 981px) 1200px, 100vw\" \/><\/a><\/p>\n","protected":false},"excerpt":{"rendered":"<p>Durante la semana del 25 al 29 de abril hemos celebrado la efem\u00e9ride del Dia del Libro. Toda una semana con actividades muy interesantes como este Taller de marcap\u00e1ginas donde los alumnos aprovecharon cualquier rinc\u00f3n del patio para colorear sus marcap\u00e1ginas.<\/p>\n","protected":false},"author":12404,"featured_media":2159,"comment_status":"closed","ping_status":"open","sticky":false,"template":"","format":"standard","meta":{"_et_pb_use_builder":"","_et_pb_old_content":"","_et_gb_content_width":"","ngg_post_thumbnail":0,"footnotes":""},"categories":[25,3,4],"tags":[10],"aioseo_notices":[],"_links":{"self":[{"href":"https:\/\/blogsaverroes.juntadeandalucia.es\/ceiptorrijos\/wp-json\/wp\/v2\/posts\/2149"}],"collection":[{"href":"https:\/\/blogsaverroes.juntadeandalucia.es\/ceiptorrijos\/wp-json\/wp\/v2\/posts"}],"about":[{"href":"https:\/\/blogsaverroes.juntadeandalucia.es\/ceiptorrijos\/wp-json\/wp\/v2\/types\/post"}],"author":[{"embeddable":true,"href":"https:\/\/blogsaverroes.juntadeandalucia.es\/ceiptorrijos\/wp-json\/wp\/v2\/users\/12404"}],"replies":[{"embeddable":true,"href":"https:\/\/blogsaverroes.juntadeandalucia.es\/ceiptorrijos\/wp-json\/wp\/v2\/comments?post=2149"}],"version-history":[{"count":2,"href":"https:\/\/blogsaverroes.juntadeandalucia.es\/ceiptorrijos\/wp-json\/wp\/v2\/posts\/2149\/revisions"}],"predecessor-version":[{"id":2161,"href":"https:\/\/blogsaverroes.juntadeandalucia.es\/ceiptorrijos\/wp-json\/wp\/v2\/posts\/2149\/revisions\/2161"}],"wp:featuredmedia":[{"embeddable":true,"href":"https:\/\/blogsaverroes.juntadeandalucia.es\/ceiptorrijos\/wp-json\/wp\/v2\/media\/2159"}],"wp:attachment":[{"href":"https:\/\/blogsaverroes.juntadeandalucia.es\/ceiptorrijos\/wp-json\/wp\/v2\/media?parent=2149"}],"wp:term":[{"taxonomy":"category","embeddable":true,"href":"https:\/\/blogsaverroes.juntadeandalucia.es\/ceiptorrijos\/wp-json\/wp\/v2\/categories?post=2149"},{"taxonomy":"post_tag","embeddable":true,"href":"https:\/\/blogsaverroes.juntadeandalucia.es\/ceiptorrijos\/wp-json\/wp\/v2\/tags?post=2149"}],"curies":[{"name":"wp","href":"https:\/\/api.w.org\/{rel}","templated":true}]}}