{"id":2216,"date":"2022-06-06T12:03:44","date_gmt":"2022-06-06T11:03:44","guid":{"rendered":"https:\/\/blogsaverroes.juntadeandalucia.es\/ceiptorrijos\/?p=2216"},"modified":"2022-06-06T12:03:44","modified_gmt":"2022-06-06T11:03:44","slug":"carrera-solidaria-save-the-children","status":"publish","type":"post","link":"https:\/\/blogsaverroes.juntadeandalucia.es\/ceiptorrijos\/carrera-solidaria-save-the-children\/","title":{"rendered":"Carrera Solidaria &#8220;Save the Children&#8221;"},"content":{"rendered":"<p><span style=\"font-family: 'comic sans ms', sans-serif;font-size: 14pt\">Un a\u00f1o m\u00e1s nuestro centro participa en la carrera solidaria en favor de la ONG Save The Children. Este evento es uno de los m\u00e1s esperados del alumnado que se vuelca en participar aportando su granito de arena para la causa solidaria. Este a\u00f1o, lo recaudado ser\u00e1 en favor de los ni\u00f1os y ni\u00f1as afectados por la guerra de Ucrania.<\/span><\/p>\n<p><span style=\"font-family: 'comic sans ms', sans-serif;font-size: 14pt\">Aqu\u00ed ten\u00e9is un resumen en v\u00eddeo de la carrera.<\/span><\/p>\n<p><iframe loading=\"lazy\" title=\"CARRERA SAVE THE CHILDREN CEIP TORRIJOS 2022\" width=\"1080\" height=\"608\" src=\"https:\/\/www.youtube.com\/embed\/kdkgJs6M3jQ?feature=oembed\"  allow=\"accelerometer; autoplay; clipboard-write; encrypted-media; gyroscope; picture-in-picture\" allowfullscreen><\/iframe><\/p>\n","protected":false},"excerpt":{"rendered":"<p>Un a\u00f1o m\u00e1s nuestro centro participa en la carrera solidaria en favor de la ONG Save The Children. Este evento es uno de los m\u00e1s esperados del alumnado que se vuelca en participar aportando su granito de arena para la causa solidaria. Este a\u00f1o, lo recaudado ser\u00e1 en favor de los ni\u00f1os y ni\u00f1as afectados [&hellip;]<\/p>\n","protected":false},"author":12404,"featured_media":2217,"comment_status":"closed","ping_status":"open","sticky":false,"template":"","format":"standard","meta":{"_et_pb_use_builder":"","_et_pb_old_content":"","_et_gb_content_width":"","ngg_post_thumbnail":0,"footnotes":""},"categories":[3,4],"tags":[14,46,48],"aioseo_notices":[],"_links":{"self":[{"href":"https:\/\/blogsaverroes.juntadeandalucia.es\/ceiptorrijos\/wp-json\/wp\/v2\/posts\/2216"}],"collection":[{"href":"https:\/\/blogsaverroes.juntadeandalucia.es\/ceiptorrijos\/wp-json\/wp\/v2\/posts"}],"about":[{"href":"https:\/\/blogsaverroes.juntadeandalucia.es\/ceiptorrijos\/wp-json\/wp\/v2\/types\/post"}],"author":[{"embeddable":true,"href":"https:\/\/blogsaverroes.juntadeandalucia.es\/ceiptorrijos\/wp-json\/wp\/v2\/users\/12404"}],"replies":[{"embeddable":true,"href":"https:\/\/blogsaverroes.juntadeandalucia.es\/ceiptorrijos\/wp-json\/wp\/v2\/comments?post=2216"}],"version-history":[{"count":1,"href":"https:\/\/blogsaverroes.juntadeandalucia.es\/ceiptorrijos\/wp-json\/wp\/v2\/posts\/2216\/revisions"}],"predecessor-version":[{"id":2218,"href":"https:\/\/blogsaverroes.juntadeandalucia.es\/ceiptorrijos\/wp-json\/wp\/v2\/posts\/2216\/revisions\/2218"}],"wp:featuredmedia":[{"embeddable":true,"href":"https:\/\/blogsaverroes.juntadeandalucia.es\/ceiptorrijos\/wp-json\/wp\/v2\/media\/2217"}],"wp:attachment":[{"href":"https:\/\/blogsaverroes.juntadeandalucia.es\/ceiptorrijos\/wp-json\/wp\/v2\/media?parent=2216"}],"wp:term":[{"taxonomy":"category","embeddable":true,"href":"https:\/\/blogsaverroes.juntadeandalucia.es\/ceiptorrijos\/wp-json\/wp\/v2\/categories?post=2216"},{"taxonomy":"post_tag","embeddable":true,"href":"https:\/\/blogsaverroes.juntadeandalucia.es\/ceiptorrijos\/wp-json\/wp\/v2\/tags?post=2216"}],"curies":[{"name":"wp","href":"https:\/\/api.w.org\/{rel}","templated":true}]}}