{"id":2409,"date":"2022-11-02T11:27:02","date_gmt":"2022-11-02T10:27:02","guid":{"rendered":"https:\/\/blogsaverroes.juntadeandalucia.es\/ceiptorrijos\/?p=2409"},"modified":"2022-11-02T11:28:34","modified_gmt":"2022-11-02T10:28:34","slug":"dia-de-las-bibliotecas","status":"publish","type":"post","link":"https:\/\/blogsaverroes.juntadeandalucia.es\/ceiptorrijos\/dia-de-las-bibliotecas\/","title":{"rendered":"D\u00cdA DE LAS BIBLIOTECAS"},"content":{"rendered":"<p><span style=\"font-family: 'comic sans ms', sans-serif;font-size: 14pt\">El pasado 24 de octubre se celebr\u00f3 el D\u00eda Internacional de las Bibliotecas. Con ese motivo el alumnado de 1\u00ba, 2\u00ba y 3\u00ba visit\u00f3 la Biblioteca del Estado invitados por la Red de Bibliotecas Escolares de M\u00e1laga, donde asistieron a una divertida representaci\u00f3n teatral con espect\u00e1culo de magia. Despu\u00e9s fuimos obsequiados con un lote de libros para la biblioteca del colegio. <a href=\"https:\/\/blogsaverroes.juntadeandalucia.es\/ceiptorrijos\/dia-de-las-bibliotecas\/screenshot_2022-10-24-13-19-57-02_99c04817c0de5652397fc8b56c3b3817\/\" rel=\"attachment wp-att-2417\"><img loading=\"lazy\" decoding=\"async\" class=\"alignnone size-full wp-image-2417\" src=\"https:\/\/blogsaverroes.juntadeandalucia.es\/ceiptorrijos\/files\/2022\/11\/Screenshot_2022-10-24-13-19-57-02_99c04817c0de5652397fc8b56c3b3817.jpg\" alt=\"\" width=\"1080\" height=\"609\" srcset=\"https:\/\/blogsaverroes.juntadeandalucia.es\/ceiptorrijos\/files\/2022\/11\/Screenshot_2022-10-24-13-19-57-02_99c04817c0de5652397fc8b56c3b3817.jpg 1080w, https:\/\/blogsaverroes.juntadeandalucia.es\/ceiptorrijos\/files\/2022\/11\/Screenshot_2022-10-24-13-19-57-02_99c04817c0de5652397fc8b56c3b3817-980x553.jpg 980w, https:\/\/blogsaverroes.juntadeandalucia.es\/ceiptorrijos\/files\/2022\/11\/Screenshot_2022-10-24-13-19-57-02_99c04817c0de5652397fc8b56c3b3817-480x271.jpg 480w\" sizes=\"(min-width: 0px) and (max-width: 480px) 480px, (min-width: 481px) and (max-width: 980px) 980px, (min-width: 981px) 1080px, 100vw\" \/><\/a> <a href=\"https:\/\/blogsaverroes.juntadeandalucia.es\/ceiptorrijos\/dia-de-las-bibliotecas\/screenshot_2022-10-24-13-18-51-03_99c04817c0de5652397fc8b56c3b3817\/\" rel=\"attachment wp-att-2416\"><img loading=\"lazy\" decoding=\"async\" class=\"alignnone size-full wp-image-2416\" src=\"https:\/\/blogsaverroes.juntadeandalucia.es\/ceiptorrijos\/files\/2022\/11\/Screenshot_2022-10-24-13-18-51-03_99c04817c0de5652397fc8b56c3b3817.jpg\" alt=\"\" width=\"1080\" height=\"625\" srcset=\"https:\/\/blogsaverroes.juntadeandalucia.es\/ceiptorrijos\/files\/2022\/11\/Screenshot_2022-10-24-13-18-51-03_99c04817c0de5652397fc8b56c3b3817.jpg 1080w, https:\/\/blogsaverroes.juntadeandalucia.es\/ceiptorrijos\/files\/2022\/11\/Screenshot_2022-10-24-13-18-51-03_99c04817c0de5652397fc8b56c3b3817-980x567.jpg 980w, https:\/\/blogsaverroes.juntadeandalucia.es\/ceiptorrijos\/files\/2022\/11\/Screenshot_2022-10-24-13-18-51-03_99c04817c0de5652397fc8b56c3b3817-480x278.jpg 480w\" sizes=\"(min-width: 0px) and (max-width: 480px) 480px, (min-width: 481px) and (max-width: 980px) 980px, (min-width: 981px) 1080px, 100vw\" \/><\/a> <a href=\"https:\/\/blogsaverroes.juntadeandalucia.es\/ceiptorrijos\/dia-de-las-bibliotecas\/img20221024133802\/\" rel=\"attachment wp-att-2415\"><img loading=\"lazy\" decoding=\"async\" class=\"alignnone size-full wp-image-2415\" src=\"https:\/\/blogsaverroes.juntadeandalucia.es\/ceiptorrijos\/files\/2022\/11\/IMG20221024133802-scaled.jpg\" alt=\"\" width=\"2560\" height=\"1920\" srcset=\"https:\/\/blogsaverroes.juntadeandalucia.es\/ceiptorrijos\/files\/2022\/11\/IMG20221024133802-scaled.jpg 2560w, https:\/\/blogsaverroes.juntadeandalucia.es\/ceiptorrijos\/files\/2022\/11\/IMG20221024133802-1280x960.jpg 1280w, https:\/\/blogsaverroes.juntadeandalucia.es\/ceiptorrijos\/files\/2022\/11\/IMG20221024133802-980x735.jpg 980w, https:\/\/blogsaverroes.juntadeandalucia.es\/ceiptorrijos\/files\/2022\/11\/IMG20221024133802-480x360.jpg 480w\" sizes=\"(min-width: 0px) and (max-width: 480px) 480px, (min-width: 481px) and (max-width: 980px) 980px, (min-width: 981px) and (max-width: 1280px) 1280px, (min-width: 1281px) 2560px, 100vw\" \/><\/a> <a href=\"https:\/\/blogsaverroes.juntadeandalucia.es\/ceiptorrijos\/dia-de-las-bibliotecas\/img20221024113235\/\" rel=\"attachment wp-att-2414\"><img loading=\"lazy\" decoding=\"async\" class=\"alignnone size-full wp-image-2414\" src=\"https:\/\/blogsaverroes.juntadeandalucia.es\/ceiptorrijos\/files\/2022\/11\/IMG20221024113235-scaled.jpg\" alt=\"\" width=\"2560\" height=\"1920\" srcset=\"https:\/\/blogsaverroes.juntadeandalucia.es\/ceiptorrijos\/files\/2022\/11\/IMG20221024113235-scaled.jpg 2560w, https:\/\/blogsaverroes.juntadeandalucia.es\/ceiptorrijos\/files\/2022\/11\/IMG20221024113235-1280x960.jpg 1280w, https:\/\/blogsaverroes.juntadeandalucia.es\/ceiptorrijos\/files\/2022\/11\/IMG20221024113235-980x735.jpg 980w, https:\/\/blogsaverroes.juntadeandalucia.es\/ceiptorrijos\/files\/2022\/11\/IMG20221024113235-480x360.jpg 480w\" sizes=\"(min-width: 0px) and (max-width: 480px) 480px, (min-width: 481px) and (max-width: 980px) 980px, (min-width: 981px) and (max-width: 1280px) 1280px, (min-width: 1281px) 2560px, 100vw\" \/><\/a> <a href=\"https:\/\/blogsaverroes.juntadeandalucia.es\/ceiptorrijos\/dia-de-las-bibliotecas\/img20221024110338\/\" rel=\"attachment wp-att-2413\"><img loading=\"lazy\" decoding=\"async\" class=\"alignnone size-full wp-image-2413\" src=\"https:\/\/blogsaverroes.juntadeandalucia.es\/ceiptorrijos\/files\/2022\/11\/IMG20221024110338-scaled.jpg\" alt=\"\" width=\"2560\" height=\"1920\" srcset=\"https:\/\/blogsaverroes.juntadeandalucia.es\/ceiptorrijos\/files\/2022\/11\/IMG20221024110338-scaled.jpg 2560w, https:\/\/blogsaverroes.juntadeandalucia.es\/ceiptorrijos\/files\/2022\/11\/IMG20221024110338-1280x960.jpg 1280w, https:\/\/blogsaverroes.juntadeandalucia.es\/ceiptorrijos\/files\/2022\/11\/IMG20221024110338-980x735.jpg 980w, https:\/\/blogsaverroes.juntadeandalucia.es\/ceiptorrijos\/files\/2022\/11\/IMG20221024110338-480x360.jpg 480w\" sizes=\"(min-width: 0px) and (max-width: 480px) 480px, (min-width: 481px) and (max-width: 980px) 980px, (min-width: 981px) and (max-width: 1280px) 1280px, (min-width: 1281px) 2560px, 100vw\" \/><\/a> <a href=\"https:\/\/blogsaverroes.juntadeandalucia.es\/ceiptorrijos\/dia-de-las-bibliotecas\/img-20221024-wa0024\/\" rel=\"attachment wp-att-2411\"><img loading=\"lazy\" decoding=\"async\" class=\"alignnone size-full wp-image-2411\" src=\"https:\/\/blogsaverroes.juntadeandalucia.es\/ceiptorrijos\/files\/2022\/11\/IMG-20221024-WA0024.jpg\" alt=\"\" width=\"1984\" height=\"1488\" srcset=\"https:\/\/blogsaverroes.juntadeandalucia.es\/ceiptorrijos\/files\/2022\/11\/IMG-20221024-WA0024.jpg 1984w, https:\/\/blogsaverroes.juntadeandalucia.es\/ceiptorrijos\/files\/2022\/11\/IMG-20221024-WA0024-1280x960.jpg 1280w, https:\/\/blogsaverroes.juntadeandalucia.es\/ceiptorrijos\/files\/2022\/11\/IMG-20221024-WA0024-980x735.jpg 980w, https:\/\/blogsaverroes.juntadeandalucia.es\/ceiptorrijos\/files\/2022\/11\/IMG-20221024-WA0024-480x360.jpg 480w\" sizes=\"(min-width: 0px) and (max-width: 480px) 480px, (min-width: 481px) and (max-width: 980px) 980px, (min-width: 981px) and (max-width: 1280px) 1280px, (min-width: 1281px) 1984px, 100vw\" \/><\/a> <\/span><\/p>\n<p><a href=\"https:\/\/blogsaverroes.juntadeandalucia.es\/ceiptorrijos\/dia-de-las-bibliotecas\/img-20221024-wa0023\/\" rel=\"attachment wp-att-2410\"><img loading=\"lazy\" decoding=\"async\" class=\"alignnone size-full wp-image-2410\" src=\"https:\/\/blogsaverroes.juntadeandalucia.es\/ceiptorrijos\/files\/2022\/11\/IMG-20221024-WA0023.jpg\" alt=\"\" width=\"1600\" height=\"1200\" srcset=\"https:\/\/blogsaverroes.juntadeandalucia.es\/ceiptorrijos\/files\/2022\/11\/IMG-20221024-WA0023.jpg 1600w, https:\/\/blogsaverroes.juntadeandalucia.es\/ceiptorrijos\/files\/2022\/11\/IMG-20221024-WA0023-1280x960.jpg 1280w, https:\/\/blogsaverroes.juntadeandalucia.es\/ceiptorrijos\/files\/2022\/11\/IMG-20221024-WA0023-980x735.jpg 980w, https:\/\/blogsaverroes.juntadeandalucia.es\/ceiptorrijos\/files\/2022\/11\/IMG-20221024-WA0023-480x360.jpg 480w\" sizes=\"(min-width: 0px) and (max-width: 480px) 480px, (min-width: 481px) and (max-width: 980px) 980px, (min-width: 981px) and (max-width: 1280px) 1280px, (min-width: 1281px) 1600px, 100vw\" \/><\/a><\/p>\n<p>&nbsp;<\/p>\n<p>&nbsp;<\/p>\n<p>&nbsp;<\/p>\n<p><span style=\"font-family: 'comic sans ms', sans-serif;font-size: 14pt\"><a href=\"https:\/\/blogsaverroes.juntadeandalucia.es\/ceiptorrijos\/dia-de-las-bibliotecas\/img-20221024-wa0025\/\" rel=\"attachment wp-att-2412\"><img loading=\"lazy\" decoding=\"async\" class=\"alignnone size-full wp-image-2412\" src=\"https:\/\/blogsaverroes.juntadeandalucia.es\/ceiptorrijos\/files\/2022\/11\/IMG-20221024-WA0025.jpg\" alt=\"\" width=\"1984\" height=\"1488\" srcset=\"https:\/\/blogsaverroes.juntadeandalucia.es\/ceiptorrijos\/files\/2022\/11\/IMG-20221024-WA0025.jpg 1984w, https:\/\/blogsaverroes.juntadeandalucia.es\/ceiptorrijos\/files\/2022\/11\/IMG-20221024-WA0025-1280x960.jpg 1280w, https:\/\/blogsaverroes.juntadeandalucia.es\/ceiptorrijos\/files\/2022\/11\/IMG-20221024-WA0025-980x735.jpg 980w, https:\/\/blogsaverroes.juntadeandalucia.es\/ceiptorrijos\/files\/2022\/11\/IMG-20221024-WA0025-480x360.jpg 480w\" sizes=\"(min-width: 0px) and (max-width: 480px) 480px, (min-width: 481px) and (max-width: 980px) 980px, (min-width: 981px) and (max-width: 1280px) 1280px, (min-width: 1281px) 1984px, 100vw\" \/><\/a><\/span><\/p>\n<p><iframe loading=\"lazy\" title=\"D\u00eda de las Bibliotecas\" width=\"1080\" height=\"608\" src=\"https:\/\/www.youtube.com\/embed\/rTGT8o_e9D0?feature=oembed\"  allow=\"accelerometer; autoplay; clipboard-write; encrypted-media; gyroscope; picture-in-picture\" allowfullscreen><\/iframe><\/p>\n<p>&nbsp;<\/p>\n<p>&nbsp;<\/p>\n","protected":false},"excerpt":{"rendered":"<p>El pasado 24 de octubre se celebr\u00f3 el D\u00eda Internacional de las Bibliotecas. Con ese motivo el alumnado de 1\u00ba, 2\u00ba y 3\u00ba visit\u00f3 la Biblioteca del Estado invitados por la Red de Bibliotecas Escolares de M\u00e1laga, donde asistieron a una divertida representaci\u00f3n teatral con espect\u00e1culo de magia. Despu\u00e9s fuimos obsequiados con un lote de [&hellip;]<\/p>\n","protected":false},"author":12404,"featured_media":2418,"comment_status":"closed","ping_status":"open","sticky":false,"template":"","format":"standard","meta":{"_et_pb_use_builder":"","_et_pb_old_content":"","_et_gb_content_width":"","ngg_post_thumbnail":0,"footnotes":""},"categories":[3,4],"tags":[46,50,18],"aioseo_notices":[],"_links":{"self":[{"href":"https:\/\/blogsaverroes.juntadeandalucia.es\/ceiptorrijos\/wp-json\/wp\/v2\/posts\/2409"}],"collection":[{"href":"https:\/\/blogsaverroes.juntadeandalucia.es\/ceiptorrijos\/wp-json\/wp\/v2\/posts"}],"about":[{"href":"https:\/\/blogsaverroes.juntadeandalucia.es\/ceiptorrijos\/wp-json\/wp\/v2\/types\/post"}],"author":[{"embeddable":true,"href":"https:\/\/blogsaverroes.juntadeandalucia.es\/ceiptorrijos\/wp-json\/wp\/v2\/users\/12404"}],"replies":[{"embeddable":true,"href":"https:\/\/blogsaverroes.juntadeandalucia.es\/ceiptorrijos\/wp-json\/wp\/v2\/comments?post=2409"}],"version-history":[{"count":2,"href":"https:\/\/blogsaverroes.juntadeandalucia.es\/ceiptorrijos\/wp-json\/wp\/v2\/posts\/2409\/revisions"}],"predecessor-version":[{"id":2420,"href":"https:\/\/blogsaverroes.juntadeandalucia.es\/ceiptorrijos\/wp-json\/wp\/v2\/posts\/2409\/revisions\/2420"}],"wp:featuredmedia":[{"embeddable":true,"href":"https:\/\/blogsaverroes.juntadeandalucia.es\/ceiptorrijos\/wp-json\/wp\/v2\/media\/2418"}],"wp:attachment":[{"href":"https:\/\/blogsaverroes.juntadeandalucia.es\/ceiptorrijos\/wp-json\/wp\/v2\/media?parent=2409"}],"wp:term":[{"taxonomy":"category","embeddable":true,"href":"https:\/\/blogsaverroes.juntadeandalucia.es\/ceiptorrijos\/wp-json\/wp\/v2\/categories?post=2409"},{"taxonomy":"post_tag","embeddable":true,"href":"https:\/\/blogsaverroes.juntadeandalucia.es\/ceiptorrijos\/wp-json\/wp\/v2\/tags?post=2409"}],"curies":[{"name":"wp","href":"https:\/\/api.w.org\/{rel}","templated":true}]}}