{"id":2473,"date":"2022-11-21T11:53:00","date_gmt":"2022-11-21T10:53:00","guid":{"rendered":"https:\/\/blogsaverroes.juntadeandalucia.es\/ceiptorrijos\/?p=2473"},"modified":"2022-11-21T11:53:31","modified_gmt":"2022-11-21T10:53:31","slug":"dia-del-pijama-2","status":"publish","type":"post","link":"https:\/\/blogsaverroes.juntadeandalucia.es\/ceiptorrijos\/dia-del-pijama-2\/","title":{"rendered":"D\u00cdA DEL PIJAMA"},"content":{"rendered":"<p><span style=\"font-family: 'comic sans ms', sans-serif;font-size: 14pt\">Con motivo de la celebraci\u00f3n del D\u00eda de los Derechos de los Ni\u00f1os, la Asociaci\u00f3n de familias de acogidas <em>Ac\u00f3geles <\/em>ha visitado nuestro centro para contar a nuestros ni\u00f1os y ni\u00f1as la labor tan importante que realizan en el acogimiento familiar. Ya que algunos de nuestros alumnos y alumnas est\u00e1n en situaci\u00f3n de acogida familiar, esta actividad hace que sus compa\u00f1eros comprendan lo importante que es tener una familia temporal que te asista en tus derechos m\u00e1s b\u00e1sicos. Por este motivo, el viernes 18 de noviembre todos los alumnos del centro acudieron a clase en pijama, como s\u00edmbolo de la necesidad de protecci\u00f3n que tienen todos los ni\u00f1os y ni\u00f1as del mundo.<\/span><\/p>\n<p><a href=\"https:\/\/blogsaverroes.juntadeandalucia.es\/ceiptorrijos\/dia-del-pijama-2\/img-20221118-wa0000\/\" rel=\"attachment wp-att-2474\"><img loading=\"lazy\" decoding=\"async\" class=\"alignnone size-full wp-image-2474\" src=\"https:\/\/blogsaverroes.juntadeandalucia.es\/ceiptorrijos\/files\/2022\/11\/IMG-20221118-WA0000.jpg\" alt=\"\" width=\"1600\" height=\"1200\" srcset=\"https:\/\/blogsaverroes.juntadeandalucia.es\/ceiptorrijos\/files\/2022\/11\/IMG-20221118-WA0000.jpg 1600w, https:\/\/blogsaverroes.juntadeandalucia.es\/ceiptorrijos\/files\/2022\/11\/IMG-20221118-WA0000-1280x960.jpg 1280w, https:\/\/blogsaverroes.juntadeandalucia.es\/ceiptorrijos\/files\/2022\/11\/IMG-20221118-WA0000-980x735.jpg 980w, https:\/\/blogsaverroes.juntadeandalucia.es\/ceiptorrijos\/files\/2022\/11\/IMG-20221118-WA0000-480x360.jpg 480w\" sizes=\"(min-width: 0px) and (max-width: 480px) 480px, (min-width: 481px) and (max-width: 980px) 980px, (min-width: 981px) and (max-width: 1280px) 1280px, (min-width: 1281px) 1600px, 100vw\" \/><\/a> <a href=\"https:\/\/blogsaverroes.juntadeandalucia.es\/ceiptorrijos\/dia-del-pijama-2\/img-20221118-wa0001\/\" rel=\"attachment wp-att-2475\"><img loading=\"lazy\" decoding=\"async\" class=\"alignnone size-full wp-image-2475\" src=\"https:\/\/blogsaverroes.juntadeandalucia.es\/ceiptorrijos\/files\/2022\/11\/IMG-20221118-WA0001.jpg\" alt=\"\" width=\"1600\" height=\"1200\" srcset=\"https:\/\/blogsaverroes.juntadeandalucia.es\/ceiptorrijos\/files\/2022\/11\/IMG-20221118-WA0001.jpg 1600w, https:\/\/blogsaverroes.juntadeandalucia.es\/ceiptorrijos\/files\/2022\/11\/IMG-20221118-WA0001-1280x960.jpg 1280w, https:\/\/blogsaverroes.juntadeandalucia.es\/ceiptorrijos\/files\/2022\/11\/IMG-20221118-WA0001-980x735.jpg 980w, https:\/\/blogsaverroes.juntadeandalucia.es\/ceiptorrijos\/files\/2022\/11\/IMG-20221118-WA0001-480x360.jpg 480w\" sizes=\"(min-width: 0px) and (max-width: 480px) 480px, (min-width: 481px) and (max-width: 980px) 980px, (min-width: 981px) and (max-width: 1280px) 1280px, (min-width: 1281px) 1600px, 100vw\" \/><\/a> <a href=\"https:\/\/blogsaverroes.juntadeandalucia.es\/ceiptorrijos\/dia-del-pijama-2\/img-20221118-wa0002\/\" rel=\"attachment wp-att-2476\"><img loading=\"lazy\" decoding=\"async\" class=\"alignnone size-full wp-image-2476\" src=\"https:\/\/blogsaverroes.juntadeandalucia.es\/ceiptorrijos\/files\/2022\/11\/IMG-20221118-WA0002.jpg\" alt=\"\" width=\"1600\" height=\"1200\" srcset=\"https:\/\/blogsaverroes.juntadeandalucia.es\/ceiptorrijos\/files\/2022\/11\/IMG-20221118-WA0002.jpg 1600w, https:\/\/blogsaverroes.juntadeandalucia.es\/ceiptorrijos\/files\/2022\/11\/IMG-20221118-WA0002-1280x960.jpg 1280w, https:\/\/blogsaverroes.juntadeandalucia.es\/ceiptorrijos\/files\/2022\/11\/IMG-20221118-WA0002-980x735.jpg 980w, https:\/\/blogsaverroes.juntadeandalucia.es\/ceiptorrijos\/files\/2022\/11\/IMG-20221118-WA0002-480x360.jpg 480w\" sizes=\"(min-width: 0px) and (max-width: 480px) 480px, (min-width: 481px) and (max-width: 980px) 980px, (min-width: 981px) and (max-width: 1280px) 1280px, (min-width: 1281px) 1600px, 100vw\" \/><\/a> <a href=\"https:\/\/blogsaverroes.juntadeandalucia.es\/ceiptorrijos\/dia-del-pijama-2\/img-20221118-wa0003\/\" rel=\"attachment wp-att-2477\"><img loading=\"lazy\" decoding=\"async\" class=\"alignnone size-full wp-image-2477\" src=\"https:\/\/blogsaverroes.juntadeandalucia.es\/ceiptorrijos\/files\/2022\/11\/IMG-20221118-WA0003.jpg\" alt=\"\" width=\"1600\" height=\"1200\" srcset=\"https:\/\/blogsaverroes.juntadeandalucia.es\/ceiptorrijos\/files\/2022\/11\/IMG-20221118-WA0003.jpg 1600w, https:\/\/blogsaverroes.juntadeandalucia.es\/ceiptorrijos\/files\/2022\/11\/IMG-20221118-WA0003-1280x960.jpg 1280w, https:\/\/blogsaverroes.juntadeandalucia.es\/ceiptorrijos\/files\/2022\/11\/IMG-20221118-WA0003-980x735.jpg 980w, https:\/\/blogsaverroes.juntadeandalucia.es\/ceiptorrijos\/files\/2022\/11\/IMG-20221118-WA0003-480x360.jpg 480w\" sizes=\"(min-width: 0px) and (max-width: 480px) 480px, (min-width: 481px) and (max-width: 980px) 980px, (min-width: 981px) and (max-width: 1280px) 1280px, (min-width: 1281px) 1600px, 100vw\" \/><\/a> <a href=\"https:\/\/blogsaverroes.juntadeandalucia.es\/ceiptorrijos\/dia-del-pijama-2\/img-20221118-wa0005\/\" rel=\"attachment wp-att-2479\"><img loading=\"lazy\" decoding=\"async\" class=\"alignnone size-full wp-image-2479\" src=\"https:\/\/blogsaverroes.juntadeandalucia.es\/ceiptorrijos\/files\/2022\/11\/IMG-20221118-WA0005.jpg\" alt=\"\" width=\"1600\" height=\"1200\" srcset=\"https:\/\/blogsaverroes.juntadeandalucia.es\/ceiptorrijos\/files\/2022\/11\/IMG-20221118-WA0005.jpg 1600w, https:\/\/blogsaverroes.juntadeandalucia.es\/ceiptorrijos\/files\/2022\/11\/IMG-20221118-WA0005-1280x960.jpg 1280w, https:\/\/blogsaverroes.juntadeandalucia.es\/ceiptorrijos\/files\/2022\/11\/IMG-20221118-WA0005-980x735.jpg 980w, https:\/\/blogsaverroes.juntadeandalucia.es\/ceiptorrijos\/files\/2022\/11\/IMG-20221118-WA0005-480x360.jpg 480w\" sizes=\"(min-width: 0px) and (max-width: 480px) 480px, (min-width: 481px) and (max-width: 980px) 980px, (min-width: 981px) and (max-width: 1280px) 1280px, (min-width: 1281px) 1600px, 100vw\" \/><\/a> <a href=\"https:\/\/blogsaverroes.juntadeandalucia.es\/ceiptorrijos\/dia-del-pijama-2\/img-20221118-wa0008\/\" rel=\"attachment wp-att-2480\"><img loading=\"lazy\" decoding=\"async\" class=\"alignnone size-full wp-image-2480\" src=\"https:\/\/blogsaverroes.juntadeandalucia.es\/ceiptorrijos\/files\/2022\/11\/IMG-20221118-WA0008.jpg\" alt=\"\" width=\"2000\" height=\"1500\" srcset=\"https:\/\/blogsaverroes.juntadeandalucia.es\/ceiptorrijos\/files\/2022\/11\/IMG-20221118-WA0008.jpg 2000w, https:\/\/blogsaverroes.juntadeandalucia.es\/ceiptorrijos\/files\/2022\/11\/IMG-20221118-WA0008-1280x960.jpg 1280w, https:\/\/blogsaverroes.juntadeandalucia.es\/ceiptorrijos\/files\/2022\/11\/IMG-20221118-WA0008-980x735.jpg 980w, https:\/\/blogsaverroes.juntadeandalucia.es\/ceiptorrijos\/files\/2022\/11\/IMG-20221118-WA0008-480x360.jpg 480w\" sizes=\"(min-width: 0px) and (max-width: 480px) 480px, (min-width: 481px) and (max-width: 980px) 980px, (min-width: 981px) and (max-width: 1280px) 1280px, (min-width: 1281px) 2000px, 100vw\" \/><\/a> <a href=\"https:\/\/blogsaverroes.juntadeandalucia.es\/ceiptorrijos\/dia-del-pijama-2\/img-20221118-wa0010\/\" rel=\"attachment wp-att-2481\"><img loading=\"lazy\" decoding=\"async\" class=\"alignnone size-full wp-image-2481\" src=\"https:\/\/blogsaverroes.juntadeandalucia.es\/ceiptorrijos\/files\/2022\/11\/IMG-20221118-WA0010.jpg\" alt=\"\" width=\"2048\" height=\"1536\" srcset=\"https:\/\/blogsaverroes.juntadeandalucia.es\/ceiptorrijos\/files\/2022\/11\/IMG-20221118-WA0010.jpg 2048w, https:\/\/blogsaverroes.juntadeandalucia.es\/ceiptorrijos\/files\/2022\/11\/IMG-20221118-WA0010-1280x960.jpg 1280w, https:\/\/blogsaverroes.juntadeandalucia.es\/ceiptorrijos\/files\/2022\/11\/IMG-20221118-WA0010-980x735.jpg 980w, https:\/\/blogsaverroes.juntadeandalucia.es\/ceiptorrijos\/files\/2022\/11\/IMG-20221118-WA0010-480x360.jpg 480w\" sizes=\"(min-width: 0px) and (max-width: 480px) 480px, (min-width: 481px) and (max-width: 980px) 980px, (min-width: 981px) and (max-width: 1280px) 1280px, (min-width: 1281px) 2048px, 100vw\" \/><\/a> <a href=\"https:\/\/blogsaverroes.juntadeandalucia.es\/ceiptorrijos\/dia-del-pijama-2\/img-20221118-wa0024\/\" rel=\"attachment wp-att-2482\"><img loading=\"lazy\" decoding=\"async\" class=\"alignnone size-full wp-image-2482\" src=\"https:\/\/blogsaverroes.juntadeandalucia.es\/ceiptorrijos\/files\/2022\/11\/IMG-20221118-WA0024.jpg\" alt=\"\" width=\"2048\" height=\"1536\" srcset=\"https:\/\/blogsaverroes.juntadeandalucia.es\/ceiptorrijos\/files\/2022\/11\/IMG-20221118-WA0024.jpg 2048w, https:\/\/blogsaverroes.juntadeandalucia.es\/ceiptorrijos\/files\/2022\/11\/IMG-20221118-WA0024-1280x960.jpg 1280w, https:\/\/blogsaverroes.juntadeandalucia.es\/ceiptorrijos\/files\/2022\/11\/IMG-20221118-WA0024-980x735.jpg 980w, https:\/\/blogsaverroes.juntadeandalucia.es\/ceiptorrijos\/files\/2022\/11\/IMG-20221118-WA0024-480x360.jpg 480w\" sizes=\"(min-width: 0px) and (max-width: 480px) 480px, (min-width: 481px) and (max-width: 980px) 980px, (min-width: 981px) and (max-width: 1280px) 1280px, (min-width: 1281px) 2048px, 100vw\" \/><\/a> <a href=\"https:\/\/blogsaverroes.juntadeandalucia.es\/ceiptorrijos\/dia-del-pijama-2\/img-20221118-wa0028\/\" rel=\"attachment wp-att-2483\"><img loading=\"lazy\" decoding=\"async\" class=\"alignnone size-full wp-image-2483\" src=\"https:\/\/blogsaverroes.juntadeandalucia.es\/ceiptorrijos\/files\/2022\/11\/IMG-20221118-WA0028.jpg\" alt=\"\" width=\"2048\" height=\"1536\" srcset=\"https:\/\/blogsaverroes.juntadeandalucia.es\/ceiptorrijos\/files\/2022\/11\/IMG-20221118-WA0028.jpg 2048w, https:\/\/blogsaverroes.juntadeandalucia.es\/ceiptorrijos\/files\/2022\/11\/IMG-20221118-WA0028-1280x960.jpg 1280w, https:\/\/blogsaverroes.juntadeandalucia.es\/ceiptorrijos\/files\/2022\/11\/IMG-20221118-WA0028-980x735.jpg 980w, https:\/\/blogsaverroes.juntadeandalucia.es\/ceiptorrijos\/files\/2022\/11\/IMG-20221118-WA0028-480x360.jpg 480w\" sizes=\"(min-width: 0px) and (max-width: 480px) 480px, (min-width: 481px) and (max-width: 980px) 980px, (min-width: 981px) and (max-width: 1280px) 1280px, (min-width: 1281px) 2048px, 100vw\" \/><\/a> <a href=\"https:\/\/blogsaverroes.juntadeandalucia.es\/ceiptorrijos\/dia-del-pijama-2\/img-20221118-wa0039\/\" rel=\"attachment wp-att-2484\"><img loading=\"lazy\" decoding=\"async\" class=\"alignnone size-full wp-image-2484\" src=\"https:\/\/blogsaverroes.juntadeandalucia.es\/ceiptorrijos\/files\/2022\/11\/IMG-20221118-WA0039.jpg\" alt=\"\" width=\"2000\" height=\"1500\" srcset=\"https:\/\/blogsaverroes.juntadeandalucia.es\/ceiptorrijos\/files\/2022\/11\/IMG-20221118-WA0039.jpg 2000w, https:\/\/blogsaverroes.juntadeandalucia.es\/ceiptorrijos\/files\/2022\/11\/IMG-20221118-WA0039-1280x960.jpg 1280w, https:\/\/blogsaverroes.juntadeandalucia.es\/ceiptorrijos\/files\/2022\/11\/IMG-20221118-WA0039-980x735.jpg 980w, https:\/\/blogsaverroes.juntadeandalucia.es\/ceiptorrijos\/files\/2022\/11\/IMG-20221118-WA0039-480x360.jpg 480w\" sizes=\"(min-width: 0px) and (max-width: 480px) 480px, (min-width: 481px) and (max-width: 980px) 980px, (min-width: 981px) and (max-width: 1280px) 1280px, (min-width: 1281px) 2000px, 100vw\" \/><\/a> <a href=\"https:\/\/blogsaverroes.juntadeandalucia.es\/ceiptorrijos\/dia-del-pijama-2\/img-20221118-wa0040\/\" rel=\"attachment wp-att-2485\"><img loading=\"lazy\" decoding=\"async\" class=\"alignnone size-full wp-image-2485\" src=\"https:\/\/blogsaverroes.juntadeandalucia.es\/ceiptorrijos\/files\/2022\/11\/IMG-20221118-WA0040.jpg\" alt=\"\" width=\"1024\" height=\"768\" srcset=\"https:\/\/blogsaverroes.juntadeandalucia.es\/ceiptorrijos\/files\/2022\/11\/IMG-20221118-WA0040.jpg 1024w, https:\/\/blogsaverroes.juntadeandalucia.es\/ceiptorrijos\/files\/2022\/11\/IMG-20221118-WA0040-980x735.jpg 980w, https:\/\/blogsaverroes.juntadeandalucia.es\/ceiptorrijos\/files\/2022\/11\/IMG-20221118-WA0040-480x360.jpg 480w\" sizes=\"(min-width: 0px) and (max-width: 480px) 480px, (min-width: 481px) and (max-width: 980px) 980px, (min-width: 981px) 1024px, 100vw\" \/><\/a> <a href=\"https:\/\/blogsaverroes.juntadeandalucia.es\/ceiptorrijos\/dia-del-pijama-2\/img-20221118-wa0042\/\" rel=\"attachment wp-att-2486\"><img loading=\"lazy\" decoding=\"async\" class=\"alignnone size-full wp-image-2486\" src=\"https:\/\/blogsaverroes.juntadeandalucia.es\/ceiptorrijos\/files\/2022\/11\/IMG-20221118-WA0042.jpg\" alt=\"\" width=\"2000\" height=\"1500\" srcset=\"https:\/\/blogsaverroes.juntadeandalucia.es\/ceiptorrijos\/files\/2022\/11\/IMG-20221118-WA0042.jpg 2000w, https:\/\/blogsaverroes.juntadeandalucia.es\/ceiptorrijos\/files\/2022\/11\/IMG-20221118-WA0042-1280x960.jpg 1280w, https:\/\/blogsaverroes.juntadeandalucia.es\/ceiptorrijos\/files\/2022\/11\/IMG-20221118-WA0042-980x735.jpg 980w, https:\/\/blogsaverroes.juntadeandalucia.es\/ceiptorrijos\/files\/2022\/11\/IMG-20221118-WA0042-480x360.jpg 480w\" sizes=\"(min-width: 0px) and (max-width: 480px) 480px, (min-width: 481px) and (max-width: 980px) 980px, (min-width: 981px) and (max-width: 1280px) 1280px, (min-width: 1281px) 2000px, 100vw\" \/><\/a> <a href=\"https:\/\/blogsaverroes.juntadeandalucia.es\/ceiptorrijos\/dia-del-pijama-2\/img-20221118-wa0045\/\" rel=\"attachment wp-att-2487\"><img loading=\"lazy\" decoding=\"async\" class=\"alignnone size-full wp-image-2487\" src=\"https:\/\/blogsaverroes.juntadeandalucia.es\/ceiptorrijos\/files\/2022\/11\/IMG-20221118-WA0045.jpg\" alt=\"\" width=\"1024\" height=\"768\" srcset=\"https:\/\/blogsaverroes.juntadeandalucia.es\/ceiptorrijos\/files\/2022\/11\/IMG-20221118-WA0045.jpg 1024w, https:\/\/blogsaverroes.juntadeandalucia.es\/ceiptorrijos\/files\/2022\/11\/IMG-20221118-WA0045-980x735.jpg 980w, https:\/\/blogsaverroes.juntadeandalucia.es\/ceiptorrijos\/files\/2022\/11\/IMG-20221118-WA0045-480x360.jpg 480w\" sizes=\"(min-width: 0px) and (max-width: 480px) 480px, (min-width: 481px) and (max-width: 980px) 980px, (min-width: 981px) 1024px, 100vw\" \/><\/a><a href=\"https:\/\/blogsaverroes.juntadeandalucia.es\/ceiptorrijos\/dia-del-pijama-2\/img_20221118_112906\/\" rel=\"attachment wp-att-2488\"><img loading=\"lazy\" decoding=\"async\" class=\"alignnone size-full wp-image-2488\" src=\"https:\/\/blogsaverroes.juntadeandalucia.es\/ceiptorrijos\/files\/2022\/11\/IMG_20221118_112906-scaled.jpg\" alt=\"\" width=\"2560\" height=\"1920\" srcset=\"https:\/\/blogsaverroes.juntadeandalucia.es\/ceiptorrijos\/files\/2022\/11\/IMG_20221118_112906-scaled.jpg 2560w, https:\/\/blogsaverroes.juntadeandalucia.es\/ceiptorrijos\/files\/2022\/11\/IMG_20221118_112906-1280x960.jpg 1280w, https:\/\/blogsaverroes.juntadeandalucia.es\/ceiptorrijos\/files\/2022\/11\/IMG_20221118_112906-980x735.jpg 980w, https:\/\/blogsaverroes.juntadeandalucia.es\/ceiptorrijos\/files\/2022\/11\/IMG_20221118_112906-480x360.jpg 480w\" sizes=\"(min-width: 0px) and (max-width: 480px) 480px, (min-width: 481px) and (max-width: 980px) 980px, (min-width: 981px) and (max-width: 1280px) 1280px, (min-width: 1281px) 2560px, 100vw\" \/><\/a><\/p>\n","protected":false},"excerpt":{"rendered":"<p>Con motivo de la celebraci\u00f3n del D\u00eda de los Derechos de los Ni\u00f1os, la Asociaci\u00f3n de familias de acogidas Ac\u00f3geles ha visitado nuestro centro para contar a nuestros ni\u00f1os y ni\u00f1as la labor tan importante que realizan en el acogimiento familiar. Ya que algunos de nuestros alumnos y alumnas est\u00e1n en situaci\u00f3n de acogida familiar, [&hellip;]<\/p>\n","protected":false},"author":12404,"featured_media":2489,"comment_status":"closed","ping_status":"open","sticky":false,"template":"","format":"standard","meta":{"_et_pb_use_builder":"","_et_pb_old_content":"","_et_gb_content_width":"","ngg_post_thumbnail":0,"footnotes":""},"categories":[3,4],"tags":[14,46,53],"aioseo_notices":[],"_links":{"self":[{"href":"https:\/\/blogsaverroes.juntadeandalucia.es\/ceiptorrijos\/wp-json\/wp\/v2\/posts\/2473"}],"collection":[{"href":"https:\/\/blogsaverroes.juntadeandalucia.es\/ceiptorrijos\/wp-json\/wp\/v2\/posts"}],"about":[{"href":"https:\/\/blogsaverroes.juntadeandalucia.es\/ceiptorrijos\/wp-json\/wp\/v2\/types\/post"}],"author":[{"embeddable":true,"href":"https:\/\/blogsaverroes.juntadeandalucia.es\/ceiptorrijos\/wp-json\/wp\/v2\/users\/12404"}],"replies":[{"embeddable":true,"href":"https:\/\/blogsaverroes.juntadeandalucia.es\/ceiptorrijos\/wp-json\/wp\/v2\/comments?post=2473"}],"version-history":[{"count":2,"href":"https:\/\/blogsaverroes.juntadeandalucia.es\/ceiptorrijos\/wp-json\/wp\/v2\/posts\/2473\/revisions"}],"predecessor-version":[{"id":2491,"href":"https:\/\/blogsaverroes.juntadeandalucia.es\/ceiptorrijos\/wp-json\/wp\/v2\/posts\/2473\/revisions\/2491"}],"wp:featuredmedia":[{"embeddable":true,"href":"https:\/\/blogsaverroes.juntadeandalucia.es\/ceiptorrijos\/wp-json\/wp\/v2\/media\/2489"}],"wp:attachment":[{"href":"https:\/\/blogsaverroes.juntadeandalucia.es\/ceiptorrijos\/wp-json\/wp\/v2\/media?parent=2473"}],"wp:term":[{"taxonomy":"category","embeddable":true,"href":"https:\/\/blogsaverroes.juntadeandalucia.es\/ceiptorrijos\/wp-json\/wp\/v2\/categories?post=2473"},{"taxonomy":"post_tag","embeddable":true,"href":"https:\/\/blogsaverroes.juntadeandalucia.es\/ceiptorrijos\/wp-json\/wp\/v2\/tags?post=2473"}],"curies":[{"name":"wp","href":"https:\/\/api.w.org\/{rel}","templated":true}]}}