{"id":2541,"date":"2023-02-01T11:09:31","date_gmt":"2023-02-01T10:09:31","guid":{"rendered":"https:\/\/blogsaverroes.juntadeandalucia.es\/ceiptorrijos\/?p=2541"},"modified":"2023-02-01T11:09:54","modified_gmt":"2023-02-01T10:09:54","slug":"dia-de-la-paz-2","status":"publish","type":"post","link":"https:\/\/blogsaverroes.juntadeandalucia.es\/ceiptorrijos\/dia-de-la-paz-2\/","title":{"rendered":"DIA DE LA PAZ"},"content":{"rendered":"<p><span style=\"font-family: 'comic sans ms', sans-serif;font-size: 12pt\">el&nbsp;<strong>D\u00eda Escolar de la No Violencia y la Paz&nbsp;<\/strong>se celebra cada 30 de enero porque en ese d\u00eda, de 1948, fue asesinado&nbsp;<strong>Mahatma Gandhi<\/strong>, l\u00edder pacifista que defendi\u00f3 y promovi\u00f3 la no violencia y la resistencia pac\u00edfica. Este a\u00f1o lo hemos celebrado en el cole realizando este precioso mural y grabando un v\u00eddeo con la canci\u00f3n <strong><em>&#8220;Vivan las manos de colores&#8221; <\/em><\/strong>del grupo <strong>Happening.<\/strong><\/span><\/p>\n<p><a href=\"https:\/\/blogsaverroes.juntadeandalucia.es\/ceiptorrijos\/dia-de-la-paz-2\/dia-de-la-paz-2\/\" rel=\"attachment wp-att-2542\"><img loading=\"lazy\" decoding=\"async\" class=\"alignnone size-full wp-image-2542\" src=\"https:\/\/blogsaverroes.juntadeandalucia.es\/ceiptorrijos\/files\/2023\/02\/DIA-DE-LA-PAZ.jpg\" alt=\"\" width=\"2000\" height=\"900\" srcset=\"https:\/\/blogsaverroes.juntadeandalucia.es\/ceiptorrijos\/files\/2023\/02\/DIA-DE-LA-PAZ.jpg 2000w, https:\/\/blogsaverroes.juntadeandalucia.es\/ceiptorrijos\/files\/2023\/02\/DIA-DE-LA-PAZ-1280x576.jpg 1280w, https:\/\/blogsaverroes.juntadeandalucia.es\/ceiptorrijos\/files\/2023\/02\/DIA-DE-LA-PAZ-980x441.jpg 980w, https:\/\/blogsaverroes.juntadeandalucia.es\/ceiptorrijos\/files\/2023\/02\/DIA-DE-LA-PAZ-480x216.jpg 480w\" sizes=\"(min-width: 0px) and (max-width: 480px) 480px, (min-width: 481px) and (max-width: 980px) 980px, (min-width: 981px) and (max-width: 1280px) 1280px, (min-width: 1281px) 2000px, 100vw\" \/><\/a><\/p>\n<p><a href=\"https:\/\/blogsaverroes.juntadeandalucia.es\/ceiptorrijos\/dia-de-la-paz-2\/img_0447\/\" rel=\"attachment wp-att-2543\"><img loading=\"lazy\" decoding=\"async\" class=\"alignnone size-full wp-image-2543\" src=\"https:\/\/blogsaverroes.juntadeandalucia.es\/ceiptorrijos\/files\/2023\/02\/IMG_0447-scaled.jpg\" alt=\"\" width=\"2560\" height=\"1920\" srcset=\"https:\/\/blogsaverroes.juntadeandalucia.es\/ceiptorrijos\/files\/2023\/02\/IMG_0447-scaled.jpg 2560w, https:\/\/blogsaverroes.juntadeandalucia.es\/ceiptorrijos\/files\/2023\/02\/IMG_0447-1280x960.jpg 1280w, https:\/\/blogsaverroes.juntadeandalucia.es\/ceiptorrijos\/files\/2023\/02\/IMG_0447-980x735.jpg 980w, https:\/\/blogsaverroes.juntadeandalucia.es\/ceiptorrijos\/files\/2023\/02\/IMG_0447-480x360.jpg 480w\" sizes=\"(min-width: 0px) and (max-width: 480px) 480px, (min-width: 481px) and (max-width: 980px) 980px, (min-width: 981px) and (max-width: 1280px) 1280px, (min-width: 1281px) 2560px, 100vw\" \/><\/a> <a href=\"https:\/\/blogsaverroes.juntadeandalucia.es\/ceiptorrijos\/dia-de-la-paz-2\/img_0460\/\" rel=\"attachment wp-att-2545\"><img loading=\"lazy\" decoding=\"async\" class=\"alignnone size-full wp-image-2545\" src=\"https:\/\/blogsaverroes.juntadeandalucia.es\/ceiptorrijos\/files\/2023\/02\/IMG_0460-scaled.jpg\" alt=\"\" width=\"1920\" height=\"2560\" srcset=\"https:\/\/blogsaverroes.juntadeandalucia.es\/ceiptorrijos\/files\/2023\/02\/IMG_0460-scaled.jpg 1920w, https:\/\/blogsaverroes.juntadeandalucia.es\/ceiptorrijos\/files\/2023\/02\/IMG_0460-1280x1707.jpg 1280w, https:\/\/blogsaverroes.juntadeandalucia.es\/ceiptorrijos\/files\/2023\/02\/IMG_0460-980x1307.jpg 980w, https:\/\/blogsaverroes.juntadeandalucia.es\/ceiptorrijos\/files\/2023\/02\/IMG_0460-480x640.jpg 480w\" sizes=\"(min-width: 0px) and (max-width: 480px) 480px, (min-width: 481px) and (max-width: 980px) 980px, (min-width: 981px) and (max-width: 1280px) 1280px, (min-width: 1281px) 1920px, 100vw\" \/><\/a> <a href=\"https:\/\/blogsaverroes.juntadeandalucia.es\/ceiptorrijos\/dia-de-la-paz-2\/img_0475\/\" rel=\"attachment wp-att-2546\"><img loading=\"lazy\" decoding=\"async\" class=\"alignnone size-full wp-image-2546\" src=\"https:\/\/blogsaverroes.juntadeandalucia.es\/ceiptorrijos\/files\/2023\/02\/IMG_0475-scaled.jpg\" alt=\"\" width=\"2560\" height=\"1920\" srcset=\"https:\/\/blogsaverroes.juntadeandalucia.es\/ceiptorrijos\/files\/2023\/02\/IMG_0475-scaled.jpg 2560w, https:\/\/blogsaverroes.juntadeandalucia.es\/ceiptorrijos\/files\/2023\/02\/IMG_0475-1280x960.jpg 1280w, https:\/\/blogsaverroes.juntadeandalucia.es\/ceiptorrijos\/files\/2023\/02\/IMG_0475-980x735.jpg 980w, https:\/\/blogsaverroes.juntadeandalucia.es\/ceiptorrijos\/files\/2023\/02\/IMG_0475-480x360.jpg 480w\" sizes=\"(min-width: 0px) and (max-width: 480px) 480px, (min-width: 481px) and (max-width: 980px) 980px, (min-width: 981px) and (max-width: 1280px) 1280px, (min-width: 1281px) 2560px, 100vw\" \/><\/a> <a href=\"https:\/\/blogsaverroes.juntadeandalucia.es\/ceiptorrijos\/dia-de-la-paz-2\/img_0476\/\" rel=\"attachment wp-att-2547\"><img loading=\"lazy\" decoding=\"async\" class=\"alignnone size-full wp-image-2547\" src=\"https:\/\/blogsaverroes.juntadeandalucia.es\/ceiptorrijos\/files\/2023\/02\/IMG_0476-scaled.jpg\" alt=\"\" width=\"2560\" height=\"1920\" srcset=\"https:\/\/blogsaverroes.juntadeandalucia.es\/ceiptorrijos\/files\/2023\/02\/IMG_0476-scaled.jpg 2560w, https:\/\/blogsaverroes.juntadeandalucia.es\/ceiptorrijos\/files\/2023\/02\/IMG_0476-1280x960.jpg 1280w, https:\/\/blogsaverroes.juntadeandalucia.es\/ceiptorrijos\/files\/2023\/02\/IMG_0476-980x735.jpg 980w, https:\/\/blogsaverroes.juntadeandalucia.es\/ceiptorrijos\/files\/2023\/02\/IMG_0476-480x360.jpg 480w\" sizes=\"(min-width: 0px) and (max-width: 480px) 480px, (min-width: 481px) and (max-width: 980px) 980px, (min-width: 981px) and (max-width: 1280px) 1280px, (min-width: 1281px) 2560px, 100vw\" \/><\/a><\/p>\n<p>&nbsp;<\/p>\n<p>&nbsp;<\/p>\n<p>&nbsp;<\/p>\n<p><iframe loading=\"lazy\" title=\"D\u00eda de la Paz\" width=\"1080\" height=\"608\" src=\"https:\/\/www.youtube.com\/embed\/Le7dI64W17M?feature=oembed\"  allow=\"accelerometer; autoplay; clipboard-write; encrypted-media; gyroscope; picture-in-picture; web-share\" allowfullscreen><\/iframe><\/p>\n","protected":false},"excerpt":{"rendered":"<p>el&nbsp;D\u00eda Escolar de la No Violencia y la Paz&nbsp;se celebra cada 30 de enero porque en ese d\u00eda, de 1948, fue asesinado&nbsp;Mahatma Gandhi, l\u00edder pacifista que defendi\u00f3 y promovi\u00f3 la no violencia y la resistencia pac\u00edfica. Este a\u00f1o lo hemos celebrado en el cole realizando este precioso mural y grabando un v\u00eddeo con la canci\u00f3n [&hellip;]<\/p>\n","protected":false},"author":12404,"featured_media":2542,"comment_status":"closed","ping_status":"open","sticky":false,"template":"","format":"standard","meta":{"_et_pb_use_builder":"","_et_pb_old_content":"","_et_gb_content_width":"","ngg_post_thumbnail":0,"footnotes":""},"categories":[3,4],"tags":[9],"aioseo_notices":[],"_links":{"self":[{"href":"https:\/\/blogsaverroes.juntadeandalucia.es\/ceiptorrijos\/wp-json\/wp\/v2\/posts\/2541"}],"collection":[{"href":"https:\/\/blogsaverroes.juntadeandalucia.es\/ceiptorrijos\/wp-json\/wp\/v2\/posts"}],"about":[{"href":"https:\/\/blogsaverroes.juntadeandalucia.es\/ceiptorrijos\/wp-json\/wp\/v2\/types\/post"}],"author":[{"embeddable":true,"href":"https:\/\/blogsaverroes.juntadeandalucia.es\/ceiptorrijos\/wp-json\/wp\/v2\/users\/12404"}],"replies":[{"embeddable":true,"href":"https:\/\/blogsaverroes.juntadeandalucia.es\/ceiptorrijos\/wp-json\/wp\/v2\/comments?post=2541"}],"version-history":[{"count":2,"href":"https:\/\/blogsaverroes.juntadeandalucia.es\/ceiptorrijos\/wp-json\/wp\/v2\/posts\/2541\/revisions"}],"predecessor-version":[{"id":2549,"href":"https:\/\/blogsaverroes.juntadeandalucia.es\/ceiptorrijos\/wp-json\/wp\/v2\/posts\/2541\/revisions\/2549"}],"wp:featuredmedia":[{"embeddable":true,"href":"https:\/\/blogsaverroes.juntadeandalucia.es\/ceiptorrijos\/wp-json\/wp\/v2\/media\/2542"}],"wp:attachment":[{"href":"https:\/\/blogsaverroes.juntadeandalucia.es\/ceiptorrijos\/wp-json\/wp\/v2\/media?parent=2541"}],"wp:term":[{"taxonomy":"category","embeddable":true,"href":"https:\/\/blogsaverroes.juntadeandalucia.es\/ceiptorrijos\/wp-json\/wp\/v2\/categories?post=2541"},{"taxonomy":"post_tag","embeddable":true,"href":"https:\/\/blogsaverroes.juntadeandalucia.es\/ceiptorrijos\/wp-json\/wp\/v2\/tags?post=2541"}],"curies":[{"name":"wp","href":"https:\/\/api.w.org\/{rel}","templated":true}]}}