{"id":3131,"date":"2024-10-29T12:54:49","date_gmt":"2024-10-29T11:54:49","guid":{"rendered":"https:\/\/blogsaverroes.juntadeandalucia.es\/ceiptorrijos\/?p=3131"},"modified":"2024-10-29T12:56:04","modified_gmt":"2024-10-29T11:56:04","slug":"dia-de-las-bibliotecas-2","status":"publish","type":"post","link":"https:\/\/blogsaverroes.juntadeandalucia.es\/ceiptorrijos\/dia-de-las-bibliotecas-2\/","title":{"rendered":"D\u00cdA DE LAS BIBLIOTECAS"},"content":{"rendered":"<p>El pasado 24 de octubre se conmemoraba el D\u00eda de las Bibliotecas, una efem\u00e9ride que pretende homenajear a todas las bibliotecas del&nbsp; mundo. Con ese motivo, en el cole realizamos una serie de actividades con el alumnado. Con los alumnos y alumnas de Infantil y Primer ciclo se hizo un cuenta cuentos con el libro<em> &#8220;La monta\u00f1a de libros m\u00e1s grande del mundo<\/em>&#8220;, acompa\u00f1ado de unos marca p\u00b4\u00e7aginas para los peques.<\/p>\n<p>Con el alumnado de segundo y tercer ciclo se realiz\u00f3 una lectura del texto de la escritora Laura Gallego y un peque\u00f1o debate sobre el origen de esta efem\u00e9ride ya que se le explic\u00f3 a los ni\u00f1os y ni\u00f1as el porqu\u00e9 de celebrar este d\u00eda el 24 de octubre, triste aniversario de la destrucci\u00f3n de la biblioteca de Sarajevo.<\/p>\n<p><a href=\"https:\/\/blogsaverroes.juntadeandalucia.es\/ceiptorrijos\/dia-de-las-bibliotecas-2\/foto-cuadrada-celeste\/\" rel=\"attachment wp-att-3132\"><img loading=\"lazy\" decoding=\"async\" class=\"alignnone size-medium wp-image-3132\" src=\"https:\/\/blogsaverroes.juntadeandalucia.es\/ceiptorrijos\/files\/2024\/10\/foto-cuadrada-celeste-300x300.jpg\" alt=\"\" width=\"300\" height=\"300\"><\/a><\/p>\n<p><a href=\"https:\/\/blogsaverroes.juntadeandalucia.es\/ceiptorrijos\/dia-de-las-bibliotecas-2\/img_20241024_185051\/\" rel=\"attachment wp-att-3133\"><img loading=\"lazy\" decoding=\"async\" class=\"alignnone size-medium wp-image-3133\" src=\"https:\/\/blogsaverroes.juntadeandalucia.es\/ceiptorrijos\/files\/2024\/10\/IMG_20241024_185051-300x225.jpg\" alt=\"\" width=\"300\" height=\"225\">&nbsp;&nbsp;&nbsp;&nbsp;&nbsp;&nbsp;&nbsp;&nbsp;&nbsp;&nbsp;&nbsp;&nbsp;&nbsp;&nbsp;&nbsp;&nbsp;&nbsp;&nbsp;&nbsp;&nbsp;&nbsp;&nbsp;&nbsp;&nbsp;<\/a> <a href=\"https:\/\/blogsaverroes.juntadeandalucia.es\/ceiptorrijos\/dia-de-las-bibliotecas-2\/img_20241025_091731\/\" rel=\"attachment wp-att-3135\"><img loading=\"lazy\" decoding=\"async\" class=\"alignnone size-medium wp-image-3135\" src=\"https:\/\/blogsaverroes.juntadeandalucia.es\/ceiptorrijos\/files\/2024\/10\/IMG_20241025_091731-300x225.jpg\" alt=\"\" width=\"300\" height=\"225\"><\/a><\/p>\n<p>&nbsp;<a href=\"https:\/\/blogsaverroes.juntadeandalucia.es\/ceiptorrijos\/dia-de-las-bibliotecas-2\/img-20241024-wa0011\/\" rel=\"attachment wp-att-3138\"><img loading=\"lazy\" decoding=\"async\" class=\"alignnone size-medium wp-image-3138\" src=\"https:\/\/blogsaverroes.juntadeandalucia.es\/ceiptorrijos\/files\/2024\/10\/IMG-20241024-WA0011-300x225.jpg\" alt=\"\" width=\"300\" height=\"225\">&nbsp; &nbsp; &nbsp; &nbsp; &nbsp; &nbsp; &nbsp; &nbsp; &nbsp; &nbsp; &nbsp; &nbsp; &nbsp;<\/a><a href=\"https:\/\/blogsaverroes.juntadeandalucia.es\/ceiptorrijos\/dia-de-las-bibliotecas-2\/img-20241024-wa0004\/\" rel=\"attachment wp-att-3137\"><img loading=\"lazy\" decoding=\"async\" class=\"alignnone size-medium wp-image-3137\" src=\"https:\/\/blogsaverroes.juntadeandalucia.es\/ceiptorrijos\/files\/2024\/10\/IMG-20241024-WA0004-225x300.jpg\" alt=\"\" width=\"225\" height=\"300\"><\/a><\/p>\n<p><a href=\"https:\/\/blogsaverroes.juntadeandalucia.es\/ceiptorrijos\/dia-de-las-bibliotecas-2\/img-20241024-wa0012\/\" rel=\"attachment wp-att-3139\"><img loading=\"lazy\" decoding=\"async\" class=\"alignnone size-medium wp-image-3139\" src=\"https:\/\/blogsaverroes.juntadeandalucia.es\/ceiptorrijos\/files\/2024\/10\/IMG-20241024-WA0012-300x225.jpg\" alt=\"\" width=\"300\" height=\"225\">&nbsp;&nbsp;&nbsp;&nbsp;&nbsp;&nbsp;&nbsp;&nbsp;&nbsp;&nbsp;&nbsp;&nbsp;&nbsp;&nbsp;&nbsp;&nbsp;&nbsp;&nbsp;&nbsp;&nbsp;&nbsp;&nbsp;&nbsp;&nbsp;&nbsp;&nbsp; <\/a><a href=\"https:\/\/blogsaverroes.juntadeandalucia.es\/ceiptorrijos\/dia-de-las-bibliotecas-2\/img_20241025_092033\/\" rel=\"attachment wp-att-3136\"><img loading=\"lazy\" decoding=\"async\" class=\"alignnone size-medium wp-image-3136\" src=\"https:\/\/blogsaverroes.juntadeandalucia.es\/ceiptorrijos\/files\/2024\/10\/IMG_20241025_092033-300x225.jpg\" alt=\"\" width=\"300\" height=\"225\"><\/a><\/p>\n<p><a href=\"https:\/\/blogsaverroes.juntadeandalucia.es\/ceiptorrijos\/dia-de-las-bibliotecas-2\/img_20241024_185137\/\" rel=\"attachment wp-att-3134\"><img loading=\"lazy\" decoding=\"async\" class=\"alignnone size-medium wp-image-3134\" src=\"https:\/\/blogsaverroes.juntadeandalucia.es\/ceiptorrijos\/files\/2024\/10\/IMG_20241024_185137-300x169.jpg\" alt=\"\" width=\"300\" height=\"169\"><\/a><\/p>\n","protected":false},"excerpt":{"rendered":"<p>El pasado 24 de octubre se conmemoraba el D\u00eda de las Bibliotecas, una efem\u00e9ride que pretende homenajear a todas las bibliotecas del&nbsp; mundo. Con ese motivo, en el cole realizamos una serie de actividades con el alumnado. Con los alumnos y alumnas de Infantil y Primer ciclo se hizo un cuenta cuentos con el libro [&hellip;]<\/p>\n","protected":false},"author":12404,"featured_media":3132,"comment_status":"closed","ping_status":"open","sticky":false,"template":"","format":"standard","meta":{"_et_pb_use_builder":"","_et_pb_old_content":"","_et_gb_content_width":"","ngg_post_thumbnail":0,"footnotes":""},"categories":[70,3],"tags":[15,14,50],"aioseo_notices":[],"_links":{"self":[{"href":"https:\/\/blogsaverroes.juntadeandalucia.es\/ceiptorrijos\/wp-json\/wp\/v2\/posts\/3131"}],"collection":[{"href":"https:\/\/blogsaverroes.juntadeandalucia.es\/ceiptorrijos\/wp-json\/wp\/v2\/posts"}],"about":[{"href":"https:\/\/blogsaverroes.juntadeandalucia.es\/ceiptorrijos\/wp-json\/wp\/v2\/types\/post"}],"author":[{"embeddable":true,"href":"https:\/\/blogsaverroes.juntadeandalucia.es\/ceiptorrijos\/wp-json\/wp\/v2\/users\/12404"}],"replies":[{"embeddable":true,"href":"https:\/\/blogsaverroes.juntadeandalucia.es\/ceiptorrijos\/wp-json\/wp\/v2\/comments?post=3131"}],"version-history":[{"count":2,"href":"https:\/\/blogsaverroes.juntadeandalucia.es\/ceiptorrijos\/wp-json\/wp\/v2\/posts\/3131\/revisions"}],"predecessor-version":[{"id":3141,"href":"https:\/\/blogsaverroes.juntadeandalucia.es\/ceiptorrijos\/wp-json\/wp\/v2\/posts\/3131\/revisions\/3141"}],"wp:featuredmedia":[{"embeddable":true,"href":"https:\/\/blogsaverroes.juntadeandalucia.es\/ceiptorrijos\/wp-json\/wp\/v2\/media\/3132"}],"wp:attachment":[{"href":"https:\/\/blogsaverroes.juntadeandalucia.es\/ceiptorrijos\/wp-json\/wp\/v2\/media?parent=3131"}],"wp:term":[{"taxonomy":"category","embeddable":true,"href":"https:\/\/blogsaverroes.juntadeandalucia.es\/ceiptorrijos\/wp-json\/wp\/v2\/categories?post=3131"},{"taxonomy":"post_tag","embeddable":true,"href":"https:\/\/blogsaverroes.juntadeandalucia.es\/ceiptorrijos\/wp-json\/wp\/v2\/tags?post=3131"}],"curies":[{"name":"wp","href":"https:\/\/api.w.org\/{rel}","templated":true}]}}