{"id":1091,"date":"2011-06-06T20:49:28","date_gmt":"2011-06-06T20:49:28","guid":{"rendered":"http:\/\/ceipva.wordpress.com\/?p=1091"},"modified":"2011-06-06T20:49:28","modified_gmt":"2011-06-06T20:49:28","slug":"reunion-ies-nuevo-2","status":"publish","type":"post","link":"https:\/\/blogsaverroes.juntadeandalucia.es\/ceipva\/reunion-ies-nuevo-2\/","title":{"rendered":"REUNION IES NUEVO"},"content":{"rendered":"<p>Estimadas familias:<\/p>\n<p>Esta tarde hemos tenido una reuni\u00f3n con el Equipo Directivo del Nuevo IES de Palomares del R\u00edo. A dicha reuni\u00f3n han acudido numerosas familias que han preguntado sus dudas sobre distintos aspectos del Nuevo Centro.<\/p>\n<p>En la reuni\u00f3n se ha especificado la documentaci\u00f3n que deben presentar, plazos y lugar de presentaci\u00f3n.<\/p>\n<p>Adem\u00e1s, la Direcci\u00f3n ha habilitado un mail donde pueden enviar todas sus consultas o dudas.<\/p>\n<p>      iespalomares.direccion@gmail.com<\/p>\n<p>Atentamente<\/p>\n<p>La Direcci\u00f3n<\/p>\n","protected":false},"excerpt":{"rendered":"<p>Estimadas familias: Esta tarde hemos tenido una reuni\u00f3n con el Equipo Directivo del Nuevo IES de Palomares del R\u00edo. A dicha reuni\u00f3n han acudido numerosas familias que han preguntado sus dudas sobre distintos aspectos del Nuevo Centro. En la reuni\u00f3n se ha especificado la documentaci\u00f3n que deben presentar, plazos y lugar de presentaci\u00f3n. Adem\u00e1s, la &hellip; <a href=\"https:\/\/blogsaverroes.juntadeandalucia.es\/ceipva\/reunion-ies-nuevo-2\/\" class=\"more-link\">Seguir leyendo <span class=\"screen-reader-text\">REUNION IES NUEVO<\/span> <span class=\"meta-nav\">&rarr;<\/span><\/a><\/p>\n","protected":false},"author":15476,"featured_media":0,"comment_status":"open","ping_status":"open","sticky":false,"template":"","format":"standard","meta":{"ngg_post_thumbnail":0,"footnotes":""},"categories":[1],"tags":[],"aioseo_notices":[],"_links":{"self":[{"href":"https:\/\/blogsaverroes.juntadeandalucia.es\/ceipva\/wp-json\/wp\/v2\/posts\/1091"}],"collection":[{"href":"https:\/\/blogsaverroes.juntadeandalucia.es\/ceipva\/wp-json\/wp\/v2\/posts"}],"about":[{"href":"https:\/\/blogsaverroes.juntadeandalucia.es\/ceipva\/wp-json\/wp\/v2\/types\/post"}],"author":[{"embeddable":true,"href":"https:\/\/blogsaverroes.juntadeandalucia.es\/ceipva\/wp-json\/wp\/v2\/users\/15476"}],"replies":[{"embeddable":true,"href":"https:\/\/blogsaverroes.juntadeandalucia.es\/ceipva\/wp-json\/wp\/v2\/comments?post=1091"}],"version-history":[{"count":0,"href":"https:\/\/blogsaverroes.juntadeandalucia.es\/ceipva\/wp-json\/wp\/v2\/posts\/1091\/revisions"}],"wp:attachment":[{"href":"https:\/\/blogsaverroes.juntadeandalucia.es\/ceipva\/wp-json\/wp\/v2\/media?parent=1091"}],"wp:term":[{"taxonomy":"category","embeddable":true,"href":"https:\/\/blogsaverroes.juntadeandalucia.es\/ceipva\/wp-json\/wp\/v2\/categories?post=1091"},{"taxonomy":"post_tag","embeddable":true,"href":"https:\/\/blogsaverroes.juntadeandalucia.es\/ceipva\/wp-json\/wp\/v2\/tags?post=1091"}],"curies":[{"name":"wp","href":"https:\/\/api.w.org\/{rel}","templated":true}]}}