{"id":14120,"date":"2022-02-18T12:35:51","date_gmt":"2022-02-18T10:35:51","guid":{"rendered":"https:\/\/ceipva.wordpress.com\/?p=14120"},"modified":"2022-02-18T12:35:51","modified_gmt":"2022-02-18T10:35:51","slug":"conoce-nuestro-colegio","status":"publish","type":"post","link":"https:\/\/blogsaverroes.juntadeandalucia.es\/ceipva\/conoce-nuestro-colegio\/","title":{"rendered":"CONOCE NUESTRO COLEGIO"},"content":{"rendered":"\n<p>Durante el mes de marzo se inicia el periodo de escolarizaci\u00f3n en la Comunidad Aut\u00f3noma de Andaluc\u00eda.<\/p>\n\n\n\n<p>Aqu\u00ed puedes conocer un poquito m\u00e1s nuestro cole y obtener toda la informaci\u00f3n necesaria para la solicitud de plaza.<\/p>\n\n\n\n<figure class=\"wp-block-embed is-type-video is-provider-youtube wp-block-embed-youtube wp-embed-aspect-16-9 wp-has-aspect-ratio\"><div class=\"wp-block-embed__wrapper\">\n<iframe loading=\"lazy\" title=\"Escolarizaci\u00f3n 22-23\" width=\"474\" height=\"267\" src=\"https:\/\/www.youtube.com\/embed\/d1soR_IIkKA?feature=oembed\" frameborder=\"0\" allow=\"accelerometer; autoplay; clipboard-write; encrypted-media; gyroscope; picture-in-picture\" allowfullscreen><\/iframe>\n<\/div><\/figure>\n\n\n\n<figure class=\"wp-block-embed is-type-video is-provider-youtube wp-block-embed-youtube wp-embed-aspect-16-9 wp-has-aspect-ratio\"><div class=\"wp-block-embed__wrapper\">\n<iframe loading=\"lazy\" title=\"Actividades VA 2022\/23\" width=\"474\" height=\"267\" src=\"https:\/\/www.youtube.com\/embed\/KBQliLFuAeY?feature=oembed\" frameborder=\"0\" allow=\"accelerometer; autoplay; clipboard-write; encrypted-media; gyroscope; picture-in-picture\" allowfullscreen><\/iframe>\n<\/div><\/figure>\n\n\n\n<figure class=\"wp-block-image size-large\"><img decoding=\"async\" src=\"https:\/\/ceipva.files.wordpress.com\/2022\/02\/cartel-para-guarderias_page-0001.jpg?w=724\" alt=\"\" class=\"wp-image-14113\" \/><\/figure>\n","protected":false},"excerpt":{"rendered":"<p>Durante el mes de marzo se inicia el periodo de escolarizaci\u00f3n en la Comunidad Aut\u00f3noma de Andaluc\u00eda. Aqu\u00ed puedes conocer un poquito m\u00e1s nuestro cole y obtener toda la informaci\u00f3n necesaria para la solicitud de plaza.<\/p>\n","protected":false},"author":15476,"featured_media":0,"comment_status":"open","ping_status":"open","sticky":false,"template":"","format":"standard","meta":{"ngg_post_thumbnail":0,"footnotes":""},"categories":[1],"tags":[],"aioseo_notices":[],"_links":{"self":[{"href":"https:\/\/blogsaverroes.juntadeandalucia.es\/ceipva\/wp-json\/wp\/v2\/posts\/14120"}],"collection":[{"href":"https:\/\/blogsaverroes.juntadeandalucia.es\/ceipva\/wp-json\/wp\/v2\/posts"}],"about":[{"href":"https:\/\/blogsaverroes.juntadeandalucia.es\/ceipva\/wp-json\/wp\/v2\/types\/post"}],"author":[{"embeddable":true,"href":"https:\/\/blogsaverroes.juntadeandalucia.es\/ceipva\/wp-json\/wp\/v2\/users\/15476"}],"replies":[{"embeddable":true,"href":"https:\/\/blogsaverroes.juntadeandalucia.es\/ceipva\/wp-json\/wp\/v2\/comments?post=14120"}],"version-history":[{"count":0,"href":"https:\/\/blogsaverroes.juntadeandalucia.es\/ceipva\/wp-json\/wp\/v2\/posts\/14120\/revisions"}],"wp:attachment":[{"href":"https:\/\/blogsaverroes.juntadeandalucia.es\/ceipva\/wp-json\/wp\/v2\/media?parent=14120"}],"wp:term":[{"taxonomy":"category","embeddable":true,"href":"https:\/\/blogsaverroes.juntadeandalucia.es\/ceipva\/wp-json\/wp\/v2\/categories?post=14120"},{"taxonomy":"post_tag","embeddable":true,"href":"https:\/\/blogsaverroes.juntadeandalucia.es\/ceipva\/wp-json\/wp\/v2\/tags?post=14120"}],"curies":[{"name":"wp","href":"https:\/\/api.w.org\/{rel}","templated":true}]}}