{"id":14127,"date":"2022-02-21T18:26:25","date_gmt":"2022-02-21T16:26:25","guid":{"rendered":"https:\/\/ceipva.wordpress.com\/?p=14127"},"modified":"2022-02-21T18:26:25","modified_gmt":"2022-02-21T16:26:25","slug":"taller-de-ceramica-4","status":"publish","type":"post","link":"https:\/\/blogsaverroes.juntadeandalucia.es\/ceipva\/taller-de-ceramica-4\/","title":{"rendered":"TALLER DE CER\u00c1MICA"},"content":{"rendered":"\n<p>El alumnado de 5\u00ba ha iniciado esta ma\u00f1ana el proceso de elaboraci\u00f3n de objetos de cer\u00e1mica. Seguimos aprovechando el buen tiempo y las clases al aire libre.<\/p>\n\n\n\n<p>Nos gustar\u00eda agradecer la colaboraci\u00f3n del Ayuntamiento ya que se  una vez acabado se llevar\u00e1 al horno municipal.<\/p>\n\n\n\n<p>Os mostraremos el resultado.<\/p>\n\n\n<div id='gallery-1' class='gallery galleryid-14127 gallery-columns-3 gallery-size-thumbnail'><figure class='gallery-item'>\n\t\t\t<div class='gallery-icon landscape'>\n\t\t\t\t<a href='https:\/\/blogsaverroes.juntadeandalucia.es\/ceipva\/img-20220221-wa0005\/'><img loading=\"lazy\" decoding=\"async\" width=\"150\" height=\"150\" src=\"https:\/\/blogsaverroes.juntadeandalucia.es\/ceipva\/files\/2022\/02\/img-20220221-wa0005-150x150.jpg\" class=\"attachment-thumbnail size-thumbnail\" alt=\"\" \/><\/a>\n\t\t\t<\/div><\/figure><figure class='gallery-item'>\n\t\t\t<div class='gallery-icon landscape'>\n\t\t\t\t<a href='https:\/\/blogsaverroes.juntadeandalucia.es\/ceipva\/img-20220221-wa0006\/'><img loading=\"lazy\" decoding=\"async\" width=\"150\" height=\"150\" src=\"https:\/\/blogsaverroes.juntadeandalucia.es\/ceipva\/files\/2022\/02\/img-20220221-wa0006-150x150.jpg\" class=\"attachment-thumbnail size-thumbnail\" alt=\"\" \/><\/a>\n\t\t\t<\/div><\/figure><figure class='gallery-item'>\n\t\t\t<div class='gallery-icon landscape'>\n\t\t\t\t<a href='https:\/\/blogsaverroes.juntadeandalucia.es\/ceipva\/img-20220221-wa0007\/'><img loading=\"lazy\" decoding=\"async\" width=\"150\" height=\"150\" src=\"https:\/\/blogsaverroes.juntadeandalucia.es\/ceipva\/files\/2022\/02\/img-20220221-wa0007-150x150.jpg\" class=\"attachment-thumbnail size-thumbnail\" alt=\"\" \/><\/a>\n\t\t\t<\/div><\/figure>\n\t\t<\/div>\n","protected":false},"excerpt":{"rendered":"<p>El alumnado de 5\u00ba ha iniciado esta ma\u00f1ana el proceso de elaboraci\u00f3n de objetos de cer\u00e1mica. Seguimos aprovechando el buen tiempo y las clases al aire libre. Nos gustar\u00eda agradecer la colaboraci\u00f3n del Ayuntamiento ya que se una vez acabado se llevar\u00e1 al horno municipal. Os mostraremos el resultado.<\/p>\n","protected":false},"author":15476,"featured_media":0,"comment_status":"open","ping_status":"open","sticky":false,"template":"","format":"standard","meta":{"ngg_post_thumbnail":0,"footnotes":""},"categories":[1],"tags":[],"aioseo_notices":[],"_links":{"self":[{"href":"https:\/\/blogsaverroes.juntadeandalucia.es\/ceipva\/wp-json\/wp\/v2\/posts\/14127"}],"collection":[{"href":"https:\/\/blogsaverroes.juntadeandalucia.es\/ceipva\/wp-json\/wp\/v2\/posts"}],"about":[{"href":"https:\/\/blogsaverroes.juntadeandalucia.es\/ceipva\/wp-json\/wp\/v2\/types\/post"}],"author":[{"embeddable":true,"href":"https:\/\/blogsaverroes.juntadeandalucia.es\/ceipva\/wp-json\/wp\/v2\/users\/15476"}],"replies":[{"embeddable":true,"href":"https:\/\/blogsaverroes.juntadeandalucia.es\/ceipva\/wp-json\/wp\/v2\/comments?post=14127"}],"version-history":[{"count":0,"href":"https:\/\/blogsaverroes.juntadeandalucia.es\/ceipva\/wp-json\/wp\/v2\/posts\/14127\/revisions"}],"wp:attachment":[{"href":"https:\/\/blogsaverroes.juntadeandalucia.es\/ceipva\/wp-json\/wp\/v2\/media?parent=14127"}],"wp:term":[{"taxonomy":"category","embeddable":true,"href":"https:\/\/blogsaverroes.juntadeandalucia.es\/ceipva\/wp-json\/wp\/v2\/categories?post=14127"},{"taxonomy":"post_tag","embeddable":true,"href":"https:\/\/blogsaverroes.juntadeandalucia.es\/ceipva\/wp-json\/wp\/v2\/tags?post=14127"}],"curies":[{"name":"wp","href":"https:\/\/api.w.org\/{rel}","templated":true}]}}