{"id":14465,"date":"2022-05-04T12:05:15","date_gmt":"2022-05-04T10:05:15","guid":{"rendered":"https:\/\/ceipva.wordpress.com\/?p=14465"},"modified":"2022-05-04T12:05:15","modified_gmt":"2022-05-04T10:05:15","slug":"feria-de-la-ciencia-4","status":"publish","type":"post","link":"https:\/\/blogsaverroes.juntadeandalucia.es\/ceipva\/feria-de-la-ciencia-4\/","title":{"rendered":"FERIA DE LA CIENCIA"},"content":{"rendered":"\n<p>Estimadas familias<\/p>\n\n\n\n<p>La semana pasada celebramos la IV Feria de la Ciencia de nuestro cole en la que aprendimos mucho compartiendo entre todas y todos. <\/p>\n\n\n\n<p>Nos gustar\u00eda mostraros lo que hicimos ya que, aunque no podemos abrir el centro como nos gusta,  queremos ense\u00f1aros un poquito de lo que hemos trabajado y aprendido.<\/p>\n\n\n\n<p>En torno a la tem\u00e1tica de  este a\u00f1o, &#8220;La Conservaci\u00f3n del Medio Ambiente&#8221; hemos trabajado:<\/p>\n\n\n\n<p>Aula Verde e Infantil: Pequehuerto, Rob\u00f3tica y Reciclaje.<\/p>\n\n\n\n<p>1\u00ba Ciclo: Efectos de los pesticidas en las abejas y peligros de su extinci\u00f3n.<\/p>\n\n\n\n<p>2\u00ba Ciclo:  Productos  Eco Friendly: exceso de envases, productos de temporada, productos de cercan\u00eda.<\/p>\n\n\n\n<p>3\u00ba Ciclo: An\u00e1lisis sobre el reciclado en nuestra Localidad<\/p>\n\n\n\n<p>Esperamos que os guste  tanto como a nosotros!!!<\/p>\n\n\n\n<p>Os dejamos todas la informaci\u00f3n en este Genially donde pod\u00e9is ver v\u00eddeos y fotos de cada clase. <\/p>\n\n\n\n<p><\/p>\n\n\n\n<figure class=\"wp-block-embed is-type-rich is-provider-genially wp-block-embed-genially\"><div class=\"wp-block-embed__wrapper\">\n<iframe class=\"wp-embedded-content\" sandbox=\"allow-scripts\" security=\"restricted\" title=\"Feria de la Ciencia 2022\" frameborder='0' width='1200' height='675' src='https:\/\/view.genial.ly\/6268259526e362001804ed15#?secret=IqSzcr3uWw' data-secret='IqSzcr3uWw' scrolling='yes'><\/iframe>\n<\/div><\/figure>\n\n\n\n<figure class=\"wp-block-embed is-type-video is-provider-youtube wp-block-embed-youtube wp-embed-aspect-4-3 wp-has-aspect-ratio\"><div class=\"wp-block-embed__wrapper\">\n<iframe loading=\"lazy\" title=\"Feria de las ciencias 2021 22. Ceip Vicente Aleixandre.\" width=\"474\" height=\"356\" src=\"https:\/\/www.youtube.com\/embed\/o5yI46cNfq0?feature=oembed\" frameborder=\"0\" allow=\"accelerometer; autoplay; clipboard-write; encrypted-media; gyroscope; picture-in-picture\" allowfullscreen><\/iframe>\n<\/div><\/figure>\n","protected":false},"excerpt":{"rendered":"<p>Estimadas familias La semana pasada celebramos la IV Feria de la Ciencia de nuestro cole en la que aprendimos mucho compartiendo entre todas y todos. Nos gustar\u00eda mostraros lo que hicimos ya que, aunque no podemos abrir el centro como nos gusta, queremos ense\u00f1aros un poquito de lo que hemos trabajado y aprendido. En torno &hellip; <a href=\"https:\/\/blogsaverroes.juntadeandalucia.es\/ceipva\/feria-de-la-ciencia-4\/\" class=\"more-link\">Seguir leyendo <span class=\"screen-reader-text\">FERIA DE LA CIENCIA<\/span> <span class=\"meta-nav\">&rarr;<\/span><\/a><\/p>\n","protected":false},"author":15476,"featured_media":0,"comment_status":"open","ping_status":"open","sticky":false,"template":"","format":"standard","meta":{"ngg_post_thumbnail":0,"footnotes":""},"categories":[1],"tags":[],"aioseo_notices":[],"_links":{"self":[{"href":"https:\/\/blogsaverroes.juntadeandalucia.es\/ceipva\/wp-json\/wp\/v2\/posts\/14465"}],"collection":[{"href":"https:\/\/blogsaverroes.juntadeandalucia.es\/ceipva\/wp-json\/wp\/v2\/posts"}],"about":[{"href":"https:\/\/blogsaverroes.juntadeandalucia.es\/ceipva\/wp-json\/wp\/v2\/types\/post"}],"author":[{"embeddable":true,"href":"https:\/\/blogsaverroes.juntadeandalucia.es\/ceipva\/wp-json\/wp\/v2\/users\/15476"}],"replies":[{"embeddable":true,"href":"https:\/\/blogsaverroes.juntadeandalucia.es\/ceipva\/wp-json\/wp\/v2\/comments?post=14465"}],"version-history":[{"count":0,"href":"https:\/\/blogsaverroes.juntadeandalucia.es\/ceipva\/wp-json\/wp\/v2\/posts\/14465\/revisions"}],"wp:attachment":[{"href":"https:\/\/blogsaverroes.juntadeandalucia.es\/ceipva\/wp-json\/wp\/v2\/media?parent=14465"}],"wp:term":[{"taxonomy":"category","embeddable":true,"href":"https:\/\/blogsaverroes.juntadeandalucia.es\/ceipva\/wp-json\/wp\/v2\/categories?post=14465"},{"taxonomy":"post_tag","embeddable":true,"href":"https:\/\/blogsaverroes.juntadeandalucia.es\/ceipva\/wp-json\/wp\/v2\/tags?post=14465"}],"curies":[{"name":"wp","href":"https:\/\/api.w.org\/{rel}","templated":true}]}}