{"id":15071,"date":"2011-02-17T18:54:57","date_gmt":"2011-02-17T18:54:57","guid":{"rendered":"http:\/\/ceipva.wordpress.com\/?p=598"},"modified":"2011-02-17T18:54:57","modified_gmt":"2011-02-17T18:54:57","slug":"matriculacion-nuevo-instituto","status":"publish","type":"post","link":"https:\/\/blogsaverroes.juntadeandalucia.es\/ceipva\/matriculacion-nuevo-instituto\/","title":{"rendered":"Matriculaci\u00f3n Nuevo Instituto"},"content":{"rendered":"<p>Estimadas familias:<\/p>\n<p>Les informamos que ayer me comunic\u00f3 la Delegaci\u00f3n Provincial que la escolarizaci\u00f3n del IES Nuevo de Palomares del R\u00edo se har\u00e1 desde el CEIP Vicente Aleixandre. Aunque todav\u00eda no ha salido la normativa para la escolarizaci\u00f3n en Andaluc\u00eda para el curso 2011-2012 (se publicar\u00e1 en BOJA la pr\u00f3xima semana) los alumnos de 6\u00ba, 1\u00ba y 2\u00ba de la ESO que quieran ir al Nuevo IES no tendr\u00e1n que realizar ning\u00fan tr\u00e1mite. Al igual que en ocasiones anteriores, cuando tengamos m\u00e1s informaci\u00f3n os informaremos puntualmente.<\/p>\n<p>La Direcci\u00f3n<\/p>\n","protected":false},"excerpt":{"rendered":"<p>Estimadas familias: Les informamos que ayer me comunic\u00f3 la Delegaci\u00f3n Provincial que la escolarizaci\u00f3n del IES Nuevo de Palomares del R\u00edo se har\u00e1 desde el CEIP Vicente Aleixandre. Aunque todav\u00eda no ha salido la normativa para la escolarizaci\u00f3n en Andaluc\u00eda para el curso 2011-2012 (se publicar\u00e1 en BOJA la pr\u00f3xima semana) los alumnos de 6\u00ba, &hellip; <a href=\"https:\/\/blogsaverroes.juntadeandalucia.es\/ceipva\/matriculacion-nuevo-instituto\/\" class=\"more-link\">Seguir leyendo <span class=\"screen-reader-text\">Matriculaci\u00f3n Nuevo Instituto<\/span> <span class=\"meta-nav\">&rarr;<\/span><\/a><\/p>\n","protected":false},"author":15476,"featured_media":0,"comment_status":"open","ping_status":"open","sticky":false,"template":"","format":"standard","meta":{"ngg_post_thumbnail":0,"footnotes":""},"categories":[1],"tags":[],"aioseo_notices":[],"_links":{"self":[{"href":"https:\/\/blogsaverroes.juntadeandalucia.es\/ceipva\/wp-json\/wp\/v2\/posts\/15071"}],"collection":[{"href":"https:\/\/blogsaverroes.juntadeandalucia.es\/ceipva\/wp-json\/wp\/v2\/posts"}],"about":[{"href":"https:\/\/blogsaverroes.juntadeandalucia.es\/ceipva\/wp-json\/wp\/v2\/types\/post"}],"author":[{"embeddable":true,"href":"https:\/\/blogsaverroes.juntadeandalucia.es\/ceipva\/wp-json\/wp\/v2\/users\/15476"}],"replies":[{"embeddable":true,"href":"https:\/\/blogsaverroes.juntadeandalucia.es\/ceipva\/wp-json\/wp\/v2\/comments?post=15071"}],"version-history":[{"count":0,"href":"https:\/\/blogsaverroes.juntadeandalucia.es\/ceipva\/wp-json\/wp\/v2\/posts\/15071\/revisions"}],"wp:attachment":[{"href":"https:\/\/blogsaverroes.juntadeandalucia.es\/ceipva\/wp-json\/wp\/v2\/media?parent=15071"}],"wp:term":[{"taxonomy":"category","embeddable":true,"href":"https:\/\/blogsaverroes.juntadeandalucia.es\/ceipva\/wp-json\/wp\/v2\/categories?post=15071"},{"taxonomy":"post_tag","embeddable":true,"href":"https:\/\/blogsaverroes.juntadeandalucia.es\/ceipva\/wp-json\/wp\/v2\/tags?post=15071"}],"curies":[{"name":"wp","href":"https:\/\/api.w.org\/{rel}","templated":true}]}}