{"id":15089,"date":"2011-04-23T21:10:16","date_gmt":"2011-04-23T21:10:16","guid":{"rendered":"http:\/\/ceipva.wordpress.com\/?p=906"},"modified":"2011-04-23T21:10:16","modified_gmt":"2011-04-23T21:10:16","slug":"vuelta-al-cole","status":"publish","type":"post","link":"https:\/\/blogsaverroes.juntadeandalucia.es\/ceipva\/vuelta-al-cole\/","title":{"rendered":"\u00a1Vuelta al cole!"},"content":{"rendered":"<p>\u00a1Hola chicos y chicas!:<\/p>\n<p>Espero que hay\u00e1is disfrutado de la Semana Santa aunque haya estado pasada por agua. Las vacaciones son para disfrutarlas con la familia y amigos. Ahora llega el momento de trabajar y de dar el &#8220;tir\u00f3n final&#8221; hasta el mes de Junio. Os pido que trabaj\u00e9is lo m\u00e1ximo posible y que hag\u00e1is lo que os indiquen los maestros y maestras. A los padres y las madres os pido que sig\u00e1is apoyando a los docentes y que dediqu\u00e9is tiempo al estudio con vuestros hijos e hijas.<\/p>\n<p>El Director<\/p>\n","protected":false},"excerpt":{"rendered":"<p>\u00a1Hola chicos y chicas!: Espero que hay\u00e1is disfrutado de la Semana Santa aunque haya estado pasada por agua. Las vacaciones son para disfrutarlas con la familia y amigos. Ahora llega el momento de trabajar y de dar el &#8220;tir\u00f3n final&#8221; hasta el mes de Junio. Os pido que trabaj\u00e9is lo m\u00e1ximo posible y que hag\u00e1is &hellip; <a href=\"https:\/\/blogsaverroes.juntadeandalucia.es\/ceipva\/vuelta-al-cole\/\" class=\"more-link\">Seguir leyendo <span class=\"screen-reader-text\">\u00a1Vuelta al cole!<\/span> <span class=\"meta-nav\">&rarr;<\/span><\/a><\/p>\n","protected":false},"author":15476,"featured_media":0,"comment_status":"open","ping_status":"open","sticky":false,"template":"","format":"standard","meta":{"ngg_post_thumbnail":0,"footnotes":""},"categories":[1],"tags":[],"aioseo_notices":[],"_links":{"self":[{"href":"https:\/\/blogsaverroes.juntadeandalucia.es\/ceipva\/wp-json\/wp\/v2\/posts\/15089"}],"collection":[{"href":"https:\/\/blogsaverroes.juntadeandalucia.es\/ceipva\/wp-json\/wp\/v2\/posts"}],"about":[{"href":"https:\/\/blogsaverroes.juntadeandalucia.es\/ceipva\/wp-json\/wp\/v2\/types\/post"}],"author":[{"embeddable":true,"href":"https:\/\/blogsaverroes.juntadeandalucia.es\/ceipva\/wp-json\/wp\/v2\/users\/15476"}],"replies":[{"embeddable":true,"href":"https:\/\/blogsaverroes.juntadeandalucia.es\/ceipva\/wp-json\/wp\/v2\/comments?post=15089"}],"version-history":[{"count":0,"href":"https:\/\/blogsaverroes.juntadeandalucia.es\/ceipva\/wp-json\/wp\/v2\/posts\/15089\/revisions"}],"wp:attachment":[{"href":"https:\/\/blogsaverroes.juntadeandalucia.es\/ceipva\/wp-json\/wp\/v2\/media?parent=15089"}],"wp:term":[{"taxonomy":"category","embeddable":true,"href":"https:\/\/blogsaverroes.juntadeandalucia.es\/ceipva\/wp-json\/wp\/v2\/categories?post=15089"},{"taxonomy":"post_tag","embeddable":true,"href":"https:\/\/blogsaverroes.juntadeandalucia.es\/ceipva\/wp-json\/wp\/v2\/tags?post=15089"}],"curies":[{"name":"wp","href":"https:\/\/api.w.org\/{rel}","templated":true}]}}