{"id":15090,"date":"2011-04-25T19:34:02","date_gmt":"2011-04-25T19:34:02","guid":{"rendered":"http:\/\/ceipva.wordpress.com\/?p=912"},"modified":"2011-04-25T19:34:02","modified_gmt":"2011-04-25T19:34:02","slug":"excursion-via-verde","status":"publish","type":"post","link":"https:\/\/blogsaverroes.juntadeandalucia.es\/ceipva\/excursion-via-verde\/","title":{"rendered":"Excursi\u00f3n V\u00eda Verde"},"content":{"rendered":"<p>Estimadas familias:   <a href=\"http:\/\/ceipva.files.wordpress.com\/2011\/04\/via-verde-3_38336_s.jpg\"><img loading=\"lazy\" decoding=\"async\" src=\"http:\/\/ceipva.files.wordpress.com\/2011\/04\/via-verde-3_38336_s.jpg\" alt=\"\" title=\"via-verde-3_38336_S\" width=\"120\" height=\"120\" class=\"alignright size-full wp-image-913\" \/><\/a><\/p>\n<p>Ma\u00f1ana martes nuestros alumnos de tercer ciclo van  a disfrutar de una jornada en la naturaleza en la &#8220;V\u00eda Verde&#8221;.<br \/>\nLa salida ser\u00e1 a las 9 h. y la llegada en torno a las 17:30 h. No obstante, pondremos un cartel a media ma\u00f1ana y una nota informativa en el blog para concretar la hora de llegada.<\/p>\n<p>Espero que la excursi\u00f3n sea del agrado.<\/p>\n<p>La Direcci\u00f3n<\/p>\n","protected":false},"excerpt":{"rendered":"<p>Estimadas familias: Ma\u00f1ana martes nuestros alumnos de tercer ciclo van a disfrutar de una jornada en la naturaleza en la &#8220;V\u00eda Verde&#8221;. La salida ser\u00e1 a las 9 h. y la llegada en torno a las 17:30 h. No obstante, pondremos un cartel a media ma\u00f1ana y una nota informativa en el blog para concretar &hellip; <a href=\"https:\/\/blogsaverroes.juntadeandalucia.es\/ceipva\/excursion-via-verde\/\" class=\"more-link\">Seguir leyendo <span class=\"screen-reader-text\">Excursi\u00f3n V\u00eda Verde<\/span> <span class=\"meta-nav\">&rarr;<\/span><\/a><\/p>\n","protected":false},"author":15476,"featured_media":0,"comment_status":"open","ping_status":"open","sticky":false,"template":"","format":"standard","meta":{"ngg_post_thumbnail":0,"footnotes":""},"categories":[1],"tags":[],"aioseo_notices":[],"_links":{"self":[{"href":"https:\/\/blogsaverroes.juntadeandalucia.es\/ceipva\/wp-json\/wp\/v2\/posts\/15090"}],"collection":[{"href":"https:\/\/blogsaverroes.juntadeandalucia.es\/ceipva\/wp-json\/wp\/v2\/posts"}],"about":[{"href":"https:\/\/blogsaverroes.juntadeandalucia.es\/ceipva\/wp-json\/wp\/v2\/types\/post"}],"author":[{"embeddable":true,"href":"https:\/\/blogsaverroes.juntadeandalucia.es\/ceipva\/wp-json\/wp\/v2\/users\/15476"}],"replies":[{"embeddable":true,"href":"https:\/\/blogsaverroes.juntadeandalucia.es\/ceipva\/wp-json\/wp\/v2\/comments?post=15090"}],"version-history":[{"count":0,"href":"https:\/\/blogsaverroes.juntadeandalucia.es\/ceipva\/wp-json\/wp\/v2\/posts\/15090\/revisions"}],"wp:attachment":[{"href":"https:\/\/blogsaverroes.juntadeandalucia.es\/ceipva\/wp-json\/wp\/v2\/media?parent=15090"}],"wp:term":[{"taxonomy":"category","embeddable":true,"href":"https:\/\/blogsaverroes.juntadeandalucia.es\/ceipva\/wp-json\/wp\/v2\/categories?post=15090"},{"taxonomy":"post_tag","embeddable":true,"href":"https:\/\/blogsaverroes.juntadeandalucia.es\/ceipva\/wp-json\/wp\/v2\/tags?post=15090"}],"curies":[{"name":"wp","href":"https:\/\/api.w.org\/{rel}","templated":true}]}}