{"id":15101,"date":"2011-05-17T13:20:13","date_gmt":"2011-05-17T13:20:13","guid":{"rendered":"http:\/\/ceipva.wordpress.com\/?p=986"},"modified":"2011-05-17T13:20:13","modified_gmt":"2011-05-17T13:20:13","slug":"prueba-escala-2%c2%ba-de-primaria","status":"publish","type":"post","link":"https:\/\/blogsaverroes.juntadeandalucia.es\/ceipva\/prueba-escala-2%c2%ba-de-primaria\/","title":{"rendered":"PRUEBA ESCALA: 2\u00ba DE PRIMARIA"},"content":{"rendered":"<p>Estimadas familias:<\/p>\n<p>Este a\u00f1o la Consejer\u00eda realizar\u00e1 una prueba diagn\u00f3stica al alumnado de 2\u00ba de primaria en las competencias matem\u00e1ticas y ling\u00fc\u00edsticas.<\/p>\n<p>Adjuntamos el enlace de la Consejer\u00eda por si est\u00e1n interesados en ampliar la informaci\u00f3n.<\/p>\n<p>Atentamente<\/p>\n<p>La Direcci\u00f3n<br \/>\n<a href='http:\/\/www.juntadeandalucia.es\/educacion\/nav\/contenido.jsp?pag=\/Contenidos\/GabinetePrensa\/Notas_de_prensa\/2011\/Mayo\/nota_prensa_160511_Escala&#038;vismenu=0,0,1,1,1,1,0,0,0'>Prueba ESCALA (2\u00ba primaria)<\/a><\/p>\n","protected":false},"excerpt":{"rendered":"<p>Estimadas familias: Este a\u00f1o la Consejer\u00eda realizar\u00e1 una prueba diagn\u00f3stica al alumnado de 2\u00ba de primaria en las competencias matem\u00e1ticas y ling\u00fc\u00edsticas. Adjuntamos el enlace de la Consejer\u00eda por si est\u00e1n interesados en ampliar la informaci\u00f3n. Atentamente La Direcci\u00f3n Prueba ESCALA (2\u00ba primaria)<\/p>\n","protected":false},"author":15476,"featured_media":0,"comment_status":"open","ping_status":"open","sticky":false,"template":"","format":"standard","meta":{"ngg_post_thumbnail":0,"footnotes":""},"categories":[1],"tags":[],"aioseo_notices":[],"_links":{"self":[{"href":"https:\/\/blogsaverroes.juntadeandalucia.es\/ceipva\/wp-json\/wp\/v2\/posts\/15101"}],"collection":[{"href":"https:\/\/blogsaverroes.juntadeandalucia.es\/ceipva\/wp-json\/wp\/v2\/posts"}],"about":[{"href":"https:\/\/blogsaverroes.juntadeandalucia.es\/ceipva\/wp-json\/wp\/v2\/types\/post"}],"author":[{"embeddable":true,"href":"https:\/\/blogsaverroes.juntadeandalucia.es\/ceipva\/wp-json\/wp\/v2\/users\/15476"}],"replies":[{"embeddable":true,"href":"https:\/\/blogsaverroes.juntadeandalucia.es\/ceipva\/wp-json\/wp\/v2\/comments?post=15101"}],"version-history":[{"count":0,"href":"https:\/\/blogsaverroes.juntadeandalucia.es\/ceipva\/wp-json\/wp\/v2\/posts\/15101\/revisions"}],"wp:attachment":[{"href":"https:\/\/blogsaverroes.juntadeandalucia.es\/ceipva\/wp-json\/wp\/v2\/media?parent=15101"}],"wp:term":[{"taxonomy":"category","embeddable":true,"href":"https:\/\/blogsaverroes.juntadeandalucia.es\/ceipva\/wp-json\/wp\/v2\/categories?post=15101"},{"taxonomy":"post_tag","embeddable":true,"href":"https:\/\/blogsaverroes.juntadeandalucia.es\/ceipva\/wp-json\/wp\/v2\/tags?post=15101"}],"curies":[{"name":"wp","href":"https:\/\/api.w.org\/{rel}","templated":true}]}}