{"id":15102,"date":"2011-05-17T20:05:11","date_gmt":"2011-05-17T20:05:11","guid":{"rendered":"http:\/\/ceipva.wordpress.com\/?p=988"},"modified":"2011-05-17T20:05:11","modified_gmt":"2011-05-17T20:05:11","slug":"informacion-ies-nuevo","status":"publish","type":"post","link":"https:\/\/blogsaverroes.juntadeandalucia.es\/ceipva\/informacion-ies-nuevo\/","title":{"rendered":"INFORMACI\u00d3N IES NUEVO"},"content":{"rendered":"<p>Estimadas familias:<\/p>\n<p>Esta tarde hemos mantenido una reuni\u00f3n con el Equipo Directivo del IES Nuevo de Palomares del R\u00edo. La idea es tratar de coordinar todo el proceso de la mejor manera posible. Aunque os har\u00e9 llegar una circular informativa os anuncio que el lunes 6 de junio tendremos una reuni\u00f3n con la Direcci\u00f3n del IES Nuevo para informaros de las novedades en relaci\u00f3n al Instituto.<\/p>\n<p>(* en la circular informativa se os indicar\u00e1 el d\u00eda, hora y lugar de la reuni\u00f3n)<\/p>\n<p>Atentamente<\/p>\n<p>La Direcci\u00f3n<\/p>\n","protected":false},"excerpt":{"rendered":"<p>Estimadas familias: Esta tarde hemos mantenido una reuni\u00f3n con el Equipo Directivo del IES Nuevo de Palomares del R\u00edo. La idea es tratar de coordinar todo el proceso de la mejor manera posible. Aunque os har\u00e9 llegar una circular informativa os anuncio que el lunes 6 de junio tendremos una reuni\u00f3n con la Direcci\u00f3n del &hellip; <a href=\"https:\/\/blogsaverroes.juntadeandalucia.es\/ceipva\/informacion-ies-nuevo\/\" class=\"more-link\">Seguir leyendo <span class=\"screen-reader-text\">INFORMACI\u00d3N IES NUEVO<\/span> <span class=\"meta-nav\">&rarr;<\/span><\/a><\/p>\n","protected":false},"author":15476,"featured_media":0,"comment_status":"open","ping_status":"open","sticky":false,"template":"","format":"standard","meta":{"ngg_post_thumbnail":0,"footnotes":""},"categories":[1],"tags":[],"aioseo_notices":[],"_links":{"self":[{"href":"https:\/\/blogsaverroes.juntadeandalucia.es\/ceipva\/wp-json\/wp\/v2\/posts\/15102"}],"collection":[{"href":"https:\/\/blogsaverroes.juntadeandalucia.es\/ceipva\/wp-json\/wp\/v2\/posts"}],"about":[{"href":"https:\/\/blogsaverroes.juntadeandalucia.es\/ceipva\/wp-json\/wp\/v2\/types\/post"}],"author":[{"embeddable":true,"href":"https:\/\/blogsaverroes.juntadeandalucia.es\/ceipva\/wp-json\/wp\/v2\/users\/15476"}],"replies":[{"embeddable":true,"href":"https:\/\/blogsaverroes.juntadeandalucia.es\/ceipva\/wp-json\/wp\/v2\/comments?post=15102"}],"version-history":[{"count":0,"href":"https:\/\/blogsaverroes.juntadeandalucia.es\/ceipva\/wp-json\/wp\/v2\/posts\/15102\/revisions"}],"wp:attachment":[{"href":"https:\/\/blogsaverroes.juntadeandalucia.es\/ceipva\/wp-json\/wp\/v2\/media?parent=15102"}],"wp:term":[{"taxonomy":"category","embeddable":true,"href":"https:\/\/blogsaverroes.juntadeandalucia.es\/ceipva\/wp-json\/wp\/v2\/categories?post=15102"},{"taxonomy":"post_tag","embeddable":true,"href":"https:\/\/blogsaverroes.juntadeandalucia.es\/ceipva\/wp-json\/wp\/v2\/tags?post=15102"}],"curies":[{"name":"wp","href":"https:\/\/api.w.org\/{rel}","templated":true}]}}