{"id":16025,"date":"2023-02-24T16:22:23","date_gmt":"2023-02-24T15:22:23","guid":{"rendered":"https:\/\/blogsaverroes.juntadeandalucia.es\/ceipva\/?p=16025"},"modified":"2023-03-01T10:53:23","modified_gmt":"2023-03-01T09:53:23","slug":"dia-de-andalucia-5","status":"publish","type":"post","link":"https:\/\/blogsaverroes.juntadeandalucia.es\/ceipva\/dia-de-andalucia-5\/","title":{"rendered":"D\u00eda de Andaluc\u00eda"},"content":{"rendered":"<p>Estimadas familias:<\/p>\n<p>Durante la jornada de hoy, hemos celebrado en el cole el D\u00eda de Andaluc\u00eda.<\/p>\n<p>Para ello hemos estado realizando varias actividades.<\/p>\n<p>En primer lugar hemos realizado nuestro tradicional desayuno andaluz de pan con aceite.<\/p>\n<p>A continuaci\u00f3n hemos realizado un acto en el que nos hab\u00e9is podido acompa\u00f1ar las familias.<\/p>\n<p>Por primera vez se ha celebrado un concurso de Sevillanas, en el que han participado nuestros alumnos\/as compitiendo en diferentes categor\u00edas.<\/p>\n<p>Seguidamente, los alumnos\/as de sexto han competido contra los pap\u00e1s y las mam\u00e1s en un partido de Pichi, siendo los ni\u00f1os y ni\u00f1as los vencedores y gan\u00e1ndose una semana sin deberes.<\/p>\n<p>Por \u00faltimo los alumnos y alumnas de sexto han interpretado el Himno de Andaluc\u00eda con la flauta.<\/p>\n<p>La \u00faltima parte del acto ha sido la interpretaci\u00f3n del Himno por parte de la Maestra Marta, realizando una versi\u00f3n del Himno muy original. Os dejamos algunas fotos del evento.<\/p>\n<p>Por \u00faltimo queremos agradecer a nuestro AMPA, la gran labor que hacen amenizando nuestras actividades y en el d\u00eda de hoy organizando el Desayuno Andaluz.<\/p>\n<p>&nbsp;<\/p>\n<p><img loading=\"lazy\" decoding=\"async\" class=\"alignnone size-medium wp-image-16026\" src=\"https:\/\/blogsaverroes.juntadeandalucia.es\/ceipva\/files\/2023\/02\/1677251307594-300x226.jpg\" alt=\"\" width=\"300\" height=\"226\" srcset=\"https:\/\/blogsaverroes.juntadeandalucia.es\/ceipva\/files\/2023\/02\/1677251307594-300x226.jpg 300w, https:\/\/blogsaverroes.juntadeandalucia.es\/ceipva\/files\/2023\/02\/1677251307594-1024x771.jpg 1024w, https:\/\/blogsaverroes.juntadeandalucia.es\/ceipva\/files\/2023\/02\/1677251307594-768x578.jpg 768w, https:\/\/blogsaverroes.juntadeandalucia.es\/ceipva\/files\/2023\/02\/1677251307594-1536x1157.jpg 1536w, https:\/\/blogsaverroes.juntadeandalucia.es\/ceipva\/files\/2023\/02\/1677251307594-2048x1542.jpg 2048w, https:\/\/blogsaverroes.juntadeandalucia.es\/ceipva\/files\/2023\/02\/1677251307594-24x18.jpg 24w, https:\/\/blogsaverroes.juntadeandalucia.es\/ceipva\/files\/2023\/02\/1677251307594-36x27.jpg 36w, https:\/\/blogsaverroes.juntadeandalucia.es\/ceipva\/files\/2023\/02\/1677251307594-48x36.jpg 48w\" sizes=\"(max-width: 300px) 100vw, 300px\" \/> <img loading=\"lazy\" decoding=\"async\" class=\"alignnone size-medium wp-image-16027\" src=\"https:\/\/blogsaverroes.juntadeandalucia.es\/ceipva\/files\/2023\/02\/1677251307704-300x226.jpg\" alt=\"\" width=\"300\" height=\"226\" srcset=\"https:\/\/blogsaverroes.juntadeandalucia.es\/ceipva\/files\/2023\/02\/1677251307704-300x226.jpg 300w, https:\/\/blogsaverroes.juntadeandalucia.es\/ceipva\/files\/2023\/02\/1677251307704-1024x771.jpg 1024w, https:\/\/blogsaverroes.juntadeandalucia.es\/ceipva\/files\/2023\/02\/1677251307704-768x578.jpg 768w, https:\/\/blogsaverroes.juntadeandalucia.es\/ceipva\/files\/2023\/02\/1677251307704-1536x1157.jpg 1536w, https:\/\/blogsaverroes.juntadeandalucia.es\/ceipva\/files\/2023\/02\/1677251307704-2048x1542.jpg 2048w, https:\/\/blogsaverroes.juntadeandalucia.es\/ceipva\/files\/2023\/02\/1677251307704-24x18.jpg 24w, https:\/\/blogsaverroes.juntadeandalucia.es\/ceipva\/files\/2023\/02\/1677251307704-36x27.jpg 36w, https:\/\/blogsaverroes.juntadeandalucia.es\/ceipva\/files\/2023\/02\/1677251307704-48x36.jpg 48w\" sizes=\"(max-width: 300px) 100vw, 300px\" \/> <img loading=\"lazy\" decoding=\"async\" class=\"alignnone size-medium wp-image-16028\" src=\"https:\/\/blogsaverroes.juntadeandalucia.es\/ceipva\/files\/2023\/02\/1677251307731-300x226.jpg\" alt=\"\" width=\"300\" height=\"226\" srcset=\"https:\/\/blogsaverroes.juntadeandalucia.es\/ceipva\/files\/2023\/02\/1677251307731-300x226.jpg 300w, https:\/\/blogsaverroes.juntadeandalucia.es\/ceipva\/files\/2023\/02\/1677251307731-1024x771.jpg 1024w, https:\/\/blogsaverroes.juntadeandalucia.es\/ceipva\/files\/2023\/02\/1677251307731-768x578.jpg 768w, https:\/\/blogsaverroes.juntadeandalucia.es\/ceipva\/files\/2023\/02\/1677251307731-1536x1157.jpg 1536w, https:\/\/blogsaverroes.juntadeandalucia.es\/ceipva\/files\/2023\/02\/1677251307731-2048x1542.jpg 2048w, https:\/\/blogsaverroes.juntadeandalucia.es\/ceipva\/files\/2023\/02\/1677251307731-24x18.jpg 24w, https:\/\/blogsaverroes.juntadeandalucia.es\/ceipva\/files\/2023\/02\/1677251307731-36x27.jpg 36w, https:\/\/blogsaverroes.juntadeandalucia.es\/ceipva\/files\/2023\/02\/1677251307731-48x36.jpg 48w\" sizes=\"(max-width: 300px) 100vw, 300px\" \/> <img loading=\"lazy\" decoding=\"async\" class=\"alignnone size-medium wp-image-16029\" src=\"https:\/\/blogsaverroes.juntadeandalucia.es\/ceipva\/files\/2023\/02\/1677249075684-300x225.jpg\" alt=\"\" width=\"300\" height=\"225\" srcset=\"https:\/\/blogsaverroes.juntadeandalucia.es\/ceipva\/files\/2023\/02\/1677249075684-300x225.jpg 300w, https:\/\/blogsaverroes.juntadeandalucia.es\/ceipva\/files\/2023\/02\/1677249075684-1024x768.jpg 1024w, https:\/\/blogsaverroes.juntadeandalucia.es\/ceipva\/files\/2023\/02\/1677249075684-768x576.jpg 768w, https:\/\/blogsaverroes.juntadeandalucia.es\/ceipva\/files\/2023\/02\/1677249075684-1536x1152.jpg 1536w, https:\/\/blogsaverroes.juntadeandalucia.es\/ceipva\/files\/2023\/02\/1677249075684-24x18.jpg 24w, https:\/\/blogsaverroes.juntadeandalucia.es\/ceipva\/files\/2023\/02\/1677249075684-36x27.jpg 36w, https:\/\/blogsaverroes.juntadeandalucia.es\/ceipva\/files\/2023\/02\/1677249075684-48x36.jpg 48w, https:\/\/blogsaverroes.juntadeandalucia.es\/ceipva\/files\/2023\/02\/1677249075684.jpg 2000w\" sizes=\"(max-width: 300px) 100vw, 300px\" \/> <img loading=\"lazy\" decoding=\"async\" class=\"alignnone size-medium wp-image-16030\" src=\"https:\/\/blogsaverroes.juntadeandalucia.es\/ceipva\/files\/2023\/02\/1677249075590-300x225.jpg\" alt=\"\" width=\"300\" height=\"225\" srcset=\"https:\/\/blogsaverroes.juntadeandalucia.es\/ceipva\/files\/2023\/02\/1677249075590-300x225.jpg 300w, https:\/\/blogsaverroes.juntadeandalucia.es\/ceipva\/files\/2023\/02\/1677249075590-1024x768.jpg 1024w, https:\/\/blogsaverroes.juntadeandalucia.es\/ceipva\/files\/2023\/02\/1677249075590-768x576.jpg 768w, https:\/\/blogsaverroes.juntadeandalucia.es\/ceipva\/files\/2023\/02\/1677249075590-1536x1152.jpg 1536w, https:\/\/blogsaverroes.juntadeandalucia.es\/ceipva\/files\/2023\/02\/1677249075590-24x18.jpg 24w, https:\/\/blogsaverroes.juntadeandalucia.es\/ceipva\/files\/2023\/02\/1677249075590-36x27.jpg 36w, https:\/\/blogsaverroes.juntadeandalucia.es\/ceipva\/files\/2023\/02\/1677249075590-48x36.jpg 48w, https:\/\/blogsaverroes.juntadeandalucia.es\/ceipva\/files\/2023\/02\/1677249075590.jpg 2000w\" sizes=\"(max-width: 300px) 100vw, 300px\" \/> <img loading=\"lazy\" decoding=\"async\" class=\"alignnone size-medium wp-image-16032\" src=\"https:\/\/blogsaverroes.juntadeandalucia.es\/ceipva\/files\/2023\/02\/1677249075803-300x225.jpg\" alt=\"\" width=\"300\" height=\"225\" srcset=\"https:\/\/blogsaverroes.juntadeandalucia.es\/ceipva\/files\/2023\/02\/1677249075803-300x225.jpg 300w, https:\/\/blogsaverroes.juntadeandalucia.es\/ceipva\/files\/2023\/02\/1677249075803-1024x768.jpg 1024w, https:\/\/blogsaverroes.juntadeandalucia.es\/ceipva\/files\/2023\/02\/1677249075803-768x576.jpg 768w, https:\/\/blogsaverroes.juntadeandalucia.es\/ceipva\/files\/2023\/02\/1677249075803-1536x1152.jpg 1536w, https:\/\/blogsaverroes.juntadeandalucia.es\/ceipva\/files\/2023\/02\/1677249075803-24x18.jpg 24w, https:\/\/blogsaverroes.juntadeandalucia.es\/ceipva\/files\/2023\/02\/1677249075803-36x27.jpg 36w, https:\/\/blogsaverroes.juntadeandalucia.es\/ceipva\/files\/2023\/02\/1677249075803-48x36.jpg 48w, https:\/\/blogsaverroes.juntadeandalucia.es\/ceipva\/files\/2023\/02\/1677249075803.jpg 2000w\" sizes=\"(max-width: 300px) 100vw, 300px\" \/> <img loading=\"lazy\" decoding=\"async\" class=\"alignnone size-medium wp-image-16033\" src=\"https:\/\/blogsaverroes.juntadeandalucia.es\/ceipva\/files\/2023\/02\/1677249075497-300x225.jpg\" alt=\"\" width=\"300\" height=\"225\" srcset=\"https:\/\/blogsaverroes.juntadeandalucia.es\/ceipva\/files\/2023\/02\/1677249075497-300x225.jpg 300w, https:\/\/blogsaverroes.juntadeandalucia.es\/ceipva\/files\/2023\/02\/1677249075497-1024x768.jpg 1024w, https:\/\/blogsaverroes.juntadeandalucia.es\/ceipva\/files\/2023\/02\/1677249075497-768x576.jpg 768w, https:\/\/blogsaverroes.juntadeandalucia.es\/ceipva\/files\/2023\/02\/1677249075497-1536x1152.jpg 1536w, https:\/\/blogsaverroes.juntadeandalucia.es\/ceipva\/files\/2023\/02\/1677249075497-24x18.jpg 24w, https:\/\/blogsaverroes.juntadeandalucia.es\/ceipva\/files\/2023\/02\/1677249075497-36x27.jpg 36w, https:\/\/blogsaverroes.juntadeandalucia.es\/ceipva\/files\/2023\/02\/1677249075497-48x36.jpg 48w, https:\/\/blogsaverroes.juntadeandalucia.es\/ceipva\/files\/2023\/02\/1677249075497.jpg 2000w\" sizes=\"(max-width: 300px) 100vw, 300px\" \/> <img loading=\"lazy\" decoding=\"async\" class=\"alignnone size-medium wp-image-16034\" src=\"https:\/\/blogsaverroes.juntadeandalucia.es\/ceipva\/files\/2023\/02\/1677249075709-300x225.jpg\" alt=\"\" width=\"300\" height=\"225\" srcset=\"https:\/\/blogsaverroes.juntadeandalucia.es\/ceipva\/files\/2023\/02\/1677249075709-300x225.jpg 300w, https:\/\/blogsaverroes.juntadeandalucia.es\/ceipva\/files\/2023\/02\/1677249075709-1024x768.jpg 1024w, https:\/\/blogsaverroes.juntadeandalucia.es\/ceipva\/files\/2023\/02\/1677249075709-768x576.jpg 768w, https:\/\/blogsaverroes.juntadeandalucia.es\/ceipva\/files\/2023\/02\/1677249075709-1536x1152.jpg 1536w, https:\/\/blogsaverroes.juntadeandalucia.es\/ceipva\/files\/2023\/02\/1677249075709-24x18.jpg 24w, https:\/\/blogsaverroes.juntadeandalucia.es\/ceipva\/files\/2023\/02\/1677249075709-36x27.jpg 36w, https:\/\/blogsaverroes.juntadeandalucia.es\/ceipva\/files\/2023\/02\/1677249075709-48x36.jpg 48w, https:\/\/blogsaverroes.juntadeandalucia.es\/ceipva\/files\/2023\/02\/1677249075709.jpg 2000w\" sizes=\"(max-width: 300px) 100vw, 300px\" \/> <img loading=\"lazy\" decoding=\"async\" class=\"alignnone size-medium wp-image-16036\" src=\"https:\/\/blogsaverroes.juntadeandalucia.es\/ceipva\/files\/2023\/02\/1677249075662-300x225.jpg\" alt=\"\" width=\"300\" height=\"225\" srcset=\"https:\/\/blogsaverroes.juntadeandalucia.es\/ceipva\/files\/2023\/02\/1677249075662-300x225.jpg 300w, https:\/\/blogsaverroes.juntadeandalucia.es\/ceipva\/files\/2023\/02\/1677249075662-1024x768.jpg 1024w, https:\/\/blogsaverroes.juntadeandalucia.es\/ceipva\/files\/2023\/02\/1677249075662-768x576.jpg 768w, https:\/\/blogsaverroes.juntadeandalucia.es\/ceipva\/files\/2023\/02\/1677249075662-1536x1152.jpg 1536w, https:\/\/blogsaverroes.juntadeandalucia.es\/ceipva\/files\/2023\/02\/1677249075662-24x18.jpg 24w, https:\/\/blogsaverroes.juntadeandalucia.es\/ceipva\/files\/2023\/02\/1677249075662-36x27.jpg 36w, https:\/\/blogsaverroes.juntadeandalucia.es\/ceipva\/files\/2023\/02\/1677249075662-48x36.jpg 48w, https:\/\/blogsaverroes.juntadeandalucia.es\/ceipva\/files\/2023\/02\/1677249075662.jpg 2000w\" sizes=\"(max-width: 300px) 100vw, 300px\" \/><\/p>\n<p><img loading=\"lazy\" decoding=\"async\" class=\"alignnone size-medium wp-image-16040\" src=\"https:\/\/blogsaverroes.juntadeandalucia.es\/ceipva\/files\/2023\/02\/1677312143953-300x225.jpg\" alt=\"\" width=\"300\" height=\"225\" srcset=\"https:\/\/blogsaverroes.juntadeandalucia.es\/ceipva\/files\/2023\/02\/1677312143953-300x225.jpg 300w, https:\/\/blogsaverroes.juntadeandalucia.es\/ceipva\/files\/2023\/02\/1677312143953-1024x768.jpg 1024w, https:\/\/blogsaverroes.juntadeandalucia.es\/ceipva\/files\/2023\/02\/1677312143953-768x576.jpg 768w, https:\/\/blogsaverroes.juntadeandalucia.es\/ceipva\/files\/2023\/02\/1677312143953-1536x1152.jpg 1536w, https:\/\/blogsaverroes.juntadeandalucia.es\/ceipva\/files\/2023\/02\/1677312143953-24x18.jpg 24w, https:\/\/blogsaverroes.juntadeandalucia.es\/ceipva\/files\/2023\/02\/1677312143953-36x27.jpg 36w, https:\/\/blogsaverroes.juntadeandalucia.es\/ceipva\/files\/2023\/02\/1677312143953-48x36.jpg 48w, https:\/\/blogsaverroes.juntadeandalucia.es\/ceipva\/files\/2023\/02\/1677312143953.jpg 2048w\" sizes=\"(max-width: 300px) 100vw, 300px\" \/> <img loading=\"lazy\" decoding=\"async\" class=\"alignnone size-medium wp-image-16041\" src=\"https:\/\/blogsaverroes.juntadeandalucia.es\/ceipva\/files\/2023\/02\/1677312144258-225x300.jpg\" alt=\"\" width=\"225\" height=\"300\" srcset=\"https:\/\/blogsaverroes.juntadeandalucia.es\/ceipva\/files\/2023\/02\/1677312144258-225x300.jpg 225w, https:\/\/blogsaverroes.juntadeandalucia.es\/ceipva\/files\/2023\/02\/1677312144258-768x1024.jpg 768w, https:\/\/blogsaverroes.juntadeandalucia.es\/ceipva\/files\/2023\/02\/1677312144258-1152x1536.jpg 1152w, https:\/\/blogsaverroes.juntadeandalucia.es\/ceipva\/files\/2023\/02\/1677312144258-18x24.jpg 18w, https:\/\/blogsaverroes.juntadeandalucia.es\/ceipva\/files\/2023\/02\/1677312144258-27x36.jpg 27w, https:\/\/blogsaverroes.juntadeandalucia.es\/ceipva\/files\/2023\/02\/1677312144258-36x48.jpg 36w, https:\/\/blogsaverroes.juntadeandalucia.es\/ceipva\/files\/2023\/02\/1677312144258.jpg 1536w\" sizes=\"(max-width: 225px) 100vw, 225px\" \/> <img loading=\"lazy\" decoding=\"async\" class=\"alignnone size-medium wp-image-16042\" src=\"https:\/\/blogsaverroes.juntadeandalucia.es\/ceipva\/files\/2023\/02\/1677312143810-300x225.jpg\" alt=\"\" width=\"300\" height=\"225\" srcset=\"https:\/\/blogsaverroes.juntadeandalucia.es\/ceipva\/files\/2023\/02\/1677312143810-300x225.jpg 300w, https:\/\/blogsaverroes.juntadeandalucia.es\/ceipva\/files\/2023\/02\/1677312143810-1024x768.jpg 1024w, https:\/\/blogsaverroes.juntadeandalucia.es\/ceipva\/files\/2023\/02\/1677312143810-768x576.jpg 768w, https:\/\/blogsaverroes.juntadeandalucia.es\/ceipva\/files\/2023\/02\/1677312143810-1536x1152.jpg 1536w, https:\/\/blogsaverroes.juntadeandalucia.es\/ceipva\/files\/2023\/02\/1677312143810-24x18.jpg 24w, https:\/\/blogsaverroes.juntadeandalucia.es\/ceipva\/files\/2023\/02\/1677312143810-36x27.jpg 36w, https:\/\/blogsaverroes.juntadeandalucia.es\/ceipva\/files\/2023\/02\/1677312143810-48x36.jpg 48w, https:\/\/blogsaverroes.juntadeandalucia.es\/ceipva\/files\/2023\/02\/1677312143810.jpg 2048w\" sizes=\"(max-width: 300px) 100vw, 300px\" \/> <img loading=\"lazy\" decoding=\"async\" class=\"alignnone size-medium wp-image-16043\" src=\"https:\/\/blogsaverroes.juntadeandalucia.es\/ceipva\/files\/2023\/02\/1677312143736-225x300.jpg\" alt=\"\" width=\"225\" height=\"300\" srcset=\"https:\/\/blogsaverroes.juntadeandalucia.es\/ceipva\/files\/2023\/02\/1677312143736-225x300.jpg 225w, https:\/\/blogsaverroes.juntadeandalucia.es\/ceipva\/files\/2023\/02\/1677312143736-768x1024.jpg 768w, https:\/\/blogsaverroes.juntadeandalucia.es\/ceipva\/files\/2023\/02\/1677312143736-1152x1536.jpg 1152w, https:\/\/blogsaverroes.juntadeandalucia.es\/ceipva\/files\/2023\/02\/1677312143736-18x24.jpg 18w, https:\/\/blogsaverroes.juntadeandalucia.es\/ceipva\/files\/2023\/02\/1677312143736-27x36.jpg 27w, https:\/\/blogsaverroes.juntadeandalucia.es\/ceipva\/files\/2023\/02\/1677312143736-36x48.jpg 36w, https:\/\/blogsaverroes.juntadeandalucia.es\/ceipva\/files\/2023\/02\/1677312143736.jpg 1536w\" sizes=\"(max-width: 225px) 100vw, 225px\" \/> <img loading=\"lazy\" decoding=\"async\" class=\"alignnone size-medium wp-image-16044\" src=\"https:\/\/blogsaverroes.juntadeandalucia.es\/ceipva\/files\/2023\/02\/1677312143591-300x225.jpg\" alt=\"\" width=\"300\" height=\"225\" srcset=\"https:\/\/blogsaverroes.juntadeandalucia.es\/ceipva\/files\/2023\/02\/1677312143591-300x225.jpg 300w, https:\/\/blogsaverroes.juntadeandalucia.es\/ceipva\/files\/2023\/02\/1677312143591-1024x768.jpg 1024w, https:\/\/blogsaverroes.juntadeandalucia.es\/ceipva\/files\/2023\/02\/1677312143591-768x576.jpg 768w, https:\/\/blogsaverroes.juntadeandalucia.es\/ceipva\/files\/2023\/02\/1677312143591-1536x1152.jpg 1536w, https:\/\/blogsaverroes.juntadeandalucia.es\/ceipva\/files\/2023\/02\/1677312143591-24x18.jpg 24w, https:\/\/blogsaverroes.juntadeandalucia.es\/ceipva\/files\/2023\/02\/1677312143591-36x27.jpg 36w, https:\/\/blogsaverroes.juntadeandalucia.es\/ceipva\/files\/2023\/02\/1677312143591-48x36.jpg 48w, https:\/\/blogsaverroes.juntadeandalucia.es\/ceipva\/files\/2023\/02\/1677312143591.jpg 2048w\" sizes=\"(max-width: 300px) 100vw, 300px\" \/> <img loading=\"lazy\" decoding=\"async\" class=\"alignnone size-medium wp-image-16045\" src=\"https:\/\/blogsaverroes.juntadeandalucia.es\/ceipva\/files\/2023\/02\/1677312143553-300x225.jpg\" alt=\"\" width=\"300\" height=\"225\" srcset=\"https:\/\/blogsaverroes.juntadeandalucia.es\/ceipva\/files\/2023\/02\/1677312143553-300x225.jpg 300w, https:\/\/blogsaverroes.juntadeandalucia.es\/ceipva\/files\/2023\/02\/1677312143553-1024x768.jpg 1024w, https:\/\/blogsaverroes.juntadeandalucia.es\/ceipva\/files\/2023\/02\/1677312143553-768x576.jpg 768w, https:\/\/blogsaverroes.juntadeandalucia.es\/ceipva\/files\/2023\/02\/1677312143553-1536x1152.jpg 1536w, https:\/\/blogsaverroes.juntadeandalucia.es\/ceipva\/files\/2023\/02\/1677312143553-24x18.jpg 24w, https:\/\/blogsaverroes.juntadeandalucia.es\/ceipva\/files\/2023\/02\/1677312143553-36x27.jpg 36w, https:\/\/blogsaverroes.juntadeandalucia.es\/ceipva\/files\/2023\/02\/1677312143553-48x36.jpg 48w, https:\/\/blogsaverroes.juntadeandalucia.es\/ceipva\/files\/2023\/02\/1677312143553.jpg 2048w\" sizes=\"(max-width: 300px) 100vw, 300px\" \/><\/p>\n<p>&nbsp;<\/p>\n","protected":false},"excerpt":{"rendered":"<p>Estimadas familias: Durante la jornada de hoy, hemos celebrado en el cole el D\u00eda de Andaluc\u00eda. Para ello hemos estado realizando varias actividades. En primer lugar hemos realizado nuestro tradicional desayuno andaluz de pan con aceite. A continuaci\u00f3n hemos realizado un acto en el que nos hab\u00e9is podido acompa\u00f1ar las familias. Por primera vez se &hellip; <a href=\"https:\/\/blogsaverroes.juntadeandalucia.es\/ceipva\/dia-de-andalucia-5\/\" class=\"more-link\">Seguir leyendo <span class=\"screen-reader-text\">D\u00eda de Andaluc\u00eda<\/span> <span class=\"meta-nav\">&rarr;<\/span><\/a><\/p>\n","protected":false},"author":8097,"featured_media":0,"comment_status":"closed","ping_status":"open","sticky":false,"template":"","format":"standard","meta":{"ngg_post_thumbnail":0,"footnotes":""},"categories":[1],"tags":[],"aioseo_notices":[],"_links":{"self":[{"href":"https:\/\/blogsaverroes.juntadeandalucia.es\/ceipva\/wp-json\/wp\/v2\/posts\/16025"}],"collection":[{"href":"https:\/\/blogsaverroes.juntadeandalucia.es\/ceipva\/wp-json\/wp\/v2\/posts"}],"about":[{"href":"https:\/\/blogsaverroes.juntadeandalucia.es\/ceipva\/wp-json\/wp\/v2\/types\/post"}],"author":[{"embeddable":true,"href":"https:\/\/blogsaverroes.juntadeandalucia.es\/ceipva\/wp-json\/wp\/v2\/users\/8097"}],"replies":[{"embeddable":true,"href":"https:\/\/blogsaverroes.juntadeandalucia.es\/ceipva\/wp-json\/wp\/v2\/comments?post=16025"}],"version-history":[{"count":3,"href":"https:\/\/blogsaverroes.juntadeandalucia.es\/ceipva\/wp-json\/wp\/v2\/posts\/16025\/revisions"}],"predecessor-version":[{"id":16046,"href":"https:\/\/blogsaverroes.juntadeandalucia.es\/ceipva\/wp-json\/wp\/v2\/posts\/16025\/revisions\/16046"}],"wp:attachment":[{"href":"https:\/\/blogsaverroes.juntadeandalucia.es\/ceipva\/wp-json\/wp\/v2\/media?parent=16025"}],"wp:term":[{"taxonomy":"category","embeddable":true,"href":"https:\/\/blogsaverroes.juntadeandalucia.es\/ceipva\/wp-json\/wp\/v2\/categories?post=16025"},{"taxonomy":"post_tag","embeddable":true,"href":"https:\/\/blogsaverroes.juntadeandalucia.es\/ceipva\/wp-json\/wp\/v2\/tags?post=16025"}],"curies":[{"name":"wp","href":"https:\/\/api.w.org\/{rel}","templated":true}]}}