{"id":16085,"date":"2023-03-13T11:22:51","date_gmt":"2023-03-13T10:22:51","guid":{"rendered":"https:\/\/blogsaverroes.juntadeandalucia.es\/ceipva\/?p=16085"},"modified":"2023-03-13T11:22:51","modified_gmt":"2023-03-13T10:22:51","slug":"actividades-del-8-de-marzo","status":"publish","type":"post","link":"https:\/\/blogsaverroes.juntadeandalucia.es\/ceipva\/actividades-del-8-de-marzo\/","title":{"rendered":"Actividades del 8 de Marzo"},"content":{"rendered":"<div id=\":pn\" class=\"ii gt\">\n<div id=\":129\" class=\"a3s aiL \">\n<div dir=\"auto\">Dentro de las actividades organizadas en nuestro centro con motivo del 8 m se encuentra la visibilizaci\u00f3n de mujeres importantes en sus campos de trabajo. Por ello, el alumnado de quinto, cuarto y tercero ha trabajado biograf\u00edas de mujeres andaluzas destacables.&nbsp;<\/p>\n<div dir=\"auto\">Adem\u00e1s, cuarto est\u00e1 realizando el rinc\u00f3n violeta del patio delantero.<\/div>\n<\/div>\n<\/div>\n<\/div>\n<div dir=\"auto\"><img loading=\"lazy\" decoding=\"async\" class=\"alignnone size-medium wp-image-16086\" src=\"https:\/\/blogsaverroes.juntadeandalucia.es\/ceipva\/files\/2023\/03\/1678693702133-225x300.jpg\" alt=\"\" width=\"225\" height=\"300\" srcset=\"https:\/\/blogsaverroes.juntadeandalucia.es\/ceipva\/files\/2023\/03\/1678693702133-225x300.jpg 225w, https:\/\/blogsaverroes.juntadeandalucia.es\/ceipva\/files\/2023\/03\/1678693702133-768x1024.jpg 768w, https:\/\/blogsaverroes.juntadeandalucia.es\/ceipva\/files\/2023\/03\/1678693702133-1152x1536.jpg 1152w, https:\/\/blogsaverroes.juntadeandalucia.es\/ceipva\/files\/2023\/03\/1678693702133-1536x2048.jpg 1536w, https:\/\/blogsaverroes.juntadeandalucia.es\/ceipva\/files\/2023\/03\/1678693702133-18x24.jpg 18w, https:\/\/blogsaverroes.juntadeandalucia.es\/ceipva\/files\/2023\/03\/1678693702133-27x36.jpg 27w, https:\/\/blogsaverroes.juntadeandalucia.es\/ceipva\/files\/2023\/03\/1678693702133-36x48.jpg 36w, https:\/\/blogsaverroes.juntadeandalucia.es\/ceipva\/files\/2023\/03\/1678693702133-scaled.jpg 1920w\" sizes=\"(max-width: 225px) 100vw, 225px\" \/> <img loading=\"lazy\" decoding=\"async\" class=\"alignnone size-medium wp-image-16087\" src=\"https:\/\/blogsaverroes.juntadeandalucia.es\/ceipva\/files\/2023\/03\/1678693702182-300x225.jpg\" alt=\"\" width=\"300\" height=\"225\" srcset=\"https:\/\/blogsaverroes.juntadeandalucia.es\/ceipva\/files\/2023\/03\/1678693702182-300x225.jpg 300w, https:\/\/blogsaverroes.juntadeandalucia.es\/ceipva\/files\/2023\/03\/1678693702182-1024x768.jpg 1024w, https:\/\/blogsaverroes.juntadeandalucia.es\/ceipva\/files\/2023\/03\/1678693702182-768x576.jpg 768w, https:\/\/blogsaverroes.juntadeandalucia.es\/ceipva\/files\/2023\/03\/1678693702182-1536x1152.jpg 1536w, https:\/\/blogsaverroes.juntadeandalucia.es\/ceipva\/files\/2023\/03\/1678693702182-2048x1536.jpg 2048w, https:\/\/blogsaverroes.juntadeandalucia.es\/ceipva\/files\/2023\/03\/1678693702182-24x18.jpg 24w, https:\/\/blogsaverroes.juntadeandalucia.es\/ceipva\/files\/2023\/03\/1678693702182-36x27.jpg 36w, https:\/\/blogsaverroes.juntadeandalucia.es\/ceipva\/files\/2023\/03\/1678693702182-48x36.jpg 48w\" sizes=\"(max-width: 300px) 100vw, 300px\" \/> <img loading=\"lazy\" decoding=\"async\" class=\"alignnone size-medium wp-image-16088\" src=\"https:\/\/blogsaverroes.juntadeandalucia.es\/ceipva\/files\/2023\/03\/1678693702146-300x225.jpg\" alt=\"\" width=\"300\" height=\"225\" srcset=\"https:\/\/blogsaverroes.juntadeandalucia.es\/ceipva\/files\/2023\/03\/1678693702146-300x225.jpg 300w, https:\/\/blogsaverroes.juntadeandalucia.es\/ceipva\/files\/2023\/03\/1678693702146-1024x768.jpg 1024w, https:\/\/blogsaverroes.juntadeandalucia.es\/ceipva\/files\/2023\/03\/1678693702146-768x576.jpg 768w, https:\/\/blogsaverroes.juntadeandalucia.es\/ceipva\/files\/2023\/03\/1678693702146-1536x1152.jpg 1536w, https:\/\/blogsaverroes.juntadeandalucia.es\/ceipva\/files\/2023\/03\/1678693702146-2048x1536.jpg 2048w, https:\/\/blogsaverroes.juntadeandalucia.es\/ceipva\/files\/2023\/03\/1678693702146-24x18.jpg 24w, https:\/\/blogsaverroes.juntadeandalucia.es\/ceipva\/files\/2023\/03\/1678693702146-36x27.jpg 36w, https:\/\/blogsaverroes.juntadeandalucia.es\/ceipva\/files\/2023\/03\/1678693702146-48x36.jpg 48w\" sizes=\"(max-width: 300px) 100vw, 300px\" \/> <img loading=\"lazy\" decoding=\"async\" class=\"alignnone size-medium wp-image-16089\" src=\"https:\/\/blogsaverroes.juntadeandalucia.es\/ceipva\/files\/2023\/03\/1678693702200-300x225.jpg\" alt=\"\" width=\"300\" height=\"225\" srcset=\"https:\/\/blogsaverroes.juntadeandalucia.es\/ceipva\/files\/2023\/03\/1678693702200-300x225.jpg 300w, https:\/\/blogsaverroes.juntadeandalucia.es\/ceipva\/files\/2023\/03\/1678693702200-1024x768.jpg 1024w, https:\/\/blogsaverroes.juntadeandalucia.es\/ceipva\/files\/2023\/03\/1678693702200-768x576.jpg 768w, https:\/\/blogsaverroes.juntadeandalucia.es\/ceipva\/files\/2023\/03\/1678693702200-1536x1152.jpg 1536w, https:\/\/blogsaverroes.juntadeandalucia.es\/ceipva\/files\/2023\/03\/1678693702200-2048x1536.jpg 2048w, https:\/\/blogsaverroes.juntadeandalucia.es\/ceipva\/files\/2023\/03\/1678693702200-24x18.jpg 24w, https:\/\/blogsaverroes.juntadeandalucia.es\/ceipva\/files\/2023\/03\/1678693702200-36x27.jpg 36w, https:\/\/blogsaverroes.juntadeandalucia.es\/ceipva\/files\/2023\/03\/1678693702200-48x36.jpg 48w\" sizes=\"(max-width: 300px) 100vw, 300px\" \/> <img loading=\"lazy\" decoding=\"async\" class=\"alignnone size-medium wp-image-16090\" src=\"https:\/\/blogsaverroes.juntadeandalucia.es\/ceipva\/files\/2023\/03\/1678693702164-300x225.jpg\" alt=\"\" width=\"300\" height=\"225\" srcset=\"https:\/\/blogsaverroes.juntadeandalucia.es\/ceipva\/files\/2023\/03\/1678693702164-300x225.jpg 300w, https:\/\/blogsaverroes.juntadeandalucia.es\/ceipva\/files\/2023\/03\/1678693702164-1024x768.jpg 1024w, https:\/\/blogsaverroes.juntadeandalucia.es\/ceipva\/files\/2023\/03\/1678693702164-768x576.jpg 768w, https:\/\/blogsaverroes.juntadeandalucia.es\/ceipva\/files\/2023\/03\/1678693702164-1536x1152.jpg 1536w, https:\/\/blogsaverroes.juntadeandalucia.es\/ceipva\/files\/2023\/03\/1678693702164-2048x1536.jpg 2048w, https:\/\/blogsaverroes.juntadeandalucia.es\/ceipva\/files\/2023\/03\/1678693702164-24x18.jpg 24w, https:\/\/blogsaverroes.juntadeandalucia.es\/ceipva\/files\/2023\/03\/1678693702164-36x27.jpg 36w, https:\/\/blogsaverroes.juntadeandalucia.es\/ceipva\/files\/2023\/03\/1678693702164-48x36.jpg 48w\" sizes=\"(max-width: 300px) 100vw, 300px\" \/> <img loading=\"lazy\" decoding=\"async\" class=\"alignnone size-medium wp-image-16091\" src=\"https:\/\/blogsaverroes.juntadeandalucia.es\/ceipva\/files\/2023\/03\/1678693702300-300x225.jpg\" alt=\"\" width=\"300\" height=\"225\" srcset=\"https:\/\/blogsaverroes.juntadeandalucia.es\/ceipva\/files\/2023\/03\/1678693702300-300x225.jpg 300w, https:\/\/blogsaverroes.juntadeandalucia.es\/ceipva\/files\/2023\/03\/1678693702300-1024x768.jpg 1024w, https:\/\/blogsaverroes.juntadeandalucia.es\/ceipva\/files\/2023\/03\/1678693702300-768x576.jpg 768w, https:\/\/blogsaverroes.juntadeandalucia.es\/ceipva\/files\/2023\/03\/1678693702300-1536x1152.jpg 1536w, https:\/\/blogsaverroes.juntadeandalucia.es\/ceipva\/files\/2023\/03\/1678693702300-24x18.jpg 24w, https:\/\/blogsaverroes.juntadeandalucia.es\/ceipva\/files\/2023\/03\/1678693702300-36x27.jpg 36w, https:\/\/blogsaverroes.juntadeandalucia.es\/ceipva\/files\/2023\/03\/1678693702300-48x36.jpg 48w, https:\/\/blogsaverroes.juntadeandalucia.es\/ceipva\/files\/2023\/03\/1678693702300.jpg 1600w\" sizes=\"(max-width: 300px) 100vw, 300px\" \/> <img loading=\"lazy\" decoding=\"async\" class=\"alignnone size-medium wp-image-16092\" src=\"https:\/\/blogsaverroes.juntadeandalucia.es\/ceipva\/files\/2023\/03\/1678693702269-300x225.jpg\" alt=\"\" width=\"300\" height=\"225\" srcset=\"https:\/\/blogsaverroes.juntadeandalucia.es\/ceipva\/files\/2023\/03\/1678693702269-300x225.jpg 300w, https:\/\/blogsaverroes.juntadeandalucia.es\/ceipva\/files\/2023\/03\/1678693702269-1024x768.jpg 1024w, https:\/\/blogsaverroes.juntadeandalucia.es\/ceipva\/files\/2023\/03\/1678693702269-768x576.jpg 768w, https:\/\/blogsaverroes.juntadeandalucia.es\/ceipva\/files\/2023\/03\/1678693702269-1536x1152.jpg 1536w, https:\/\/blogsaverroes.juntadeandalucia.es\/ceipva\/files\/2023\/03\/1678693702269-24x18.jpg 24w, https:\/\/blogsaverroes.juntadeandalucia.es\/ceipva\/files\/2023\/03\/1678693702269-36x27.jpg 36w, https:\/\/blogsaverroes.juntadeandalucia.es\/ceipva\/files\/2023\/03\/1678693702269-48x36.jpg 48w, https:\/\/blogsaverroes.juntadeandalucia.es\/ceipva\/files\/2023\/03\/1678693702269.jpg 1600w\" sizes=\"(max-width: 300px) 100vw, 300px\" \/> <img loading=\"lazy\" decoding=\"async\" class=\"alignnone size-medium wp-image-16093\" src=\"https:\/\/blogsaverroes.juntadeandalucia.es\/ceipva\/files\/2023\/03\/1678693702334-225x300.jpg\" alt=\"\" width=\"225\" height=\"300\" srcset=\"https:\/\/blogsaverroes.juntadeandalucia.es\/ceipva\/files\/2023\/03\/1678693702334-225x300.jpg 225w, https:\/\/blogsaverroes.juntadeandalucia.es\/ceipva\/files\/2023\/03\/1678693702334-768x1024.jpg 768w, https:\/\/blogsaverroes.juntadeandalucia.es\/ceipva\/files\/2023\/03\/1678693702334-1152x1536.jpg 1152w, https:\/\/blogsaverroes.juntadeandalucia.es\/ceipva\/files\/2023\/03\/1678693702334-18x24.jpg 18w, https:\/\/blogsaverroes.juntadeandalucia.es\/ceipva\/files\/2023\/03\/1678693702334-27x36.jpg 27w, https:\/\/blogsaverroes.juntadeandalucia.es\/ceipva\/files\/2023\/03\/1678693702334-36x48.jpg 36w, https:\/\/blogsaverroes.juntadeandalucia.es\/ceipva\/files\/2023\/03\/1678693702334.jpg 1200w\" sizes=\"(max-width: 225px) 100vw, 225px\" \/> <img loading=\"lazy\" decoding=\"async\" class=\"alignnone size-medium wp-image-16094\" src=\"https:\/\/blogsaverroes.juntadeandalucia.es\/ceipva\/files\/2023\/03\/1678693702366-300x225.jpg\" alt=\"\" width=\"300\" height=\"225\" srcset=\"https:\/\/blogsaverroes.juntadeandalucia.es\/ceipva\/files\/2023\/03\/1678693702366-300x225.jpg 300w, https:\/\/blogsaverroes.juntadeandalucia.es\/ceipva\/files\/2023\/03\/1678693702366-1024x768.jpg 1024w, https:\/\/blogsaverroes.juntadeandalucia.es\/ceipva\/files\/2023\/03\/1678693702366-768x576.jpg 768w, https:\/\/blogsaverroes.juntadeandalucia.es\/ceipva\/files\/2023\/03\/1678693702366-1536x1152.jpg 1536w, https:\/\/blogsaverroes.juntadeandalucia.es\/ceipva\/files\/2023\/03\/1678693702366-24x18.jpg 24w, https:\/\/blogsaverroes.juntadeandalucia.es\/ceipva\/files\/2023\/03\/1678693702366-36x27.jpg 36w, https:\/\/blogsaverroes.juntadeandalucia.es\/ceipva\/files\/2023\/03\/1678693702366-48x36.jpg 48w, https:\/\/blogsaverroes.juntadeandalucia.es\/ceipva\/files\/2023\/03\/1678693702366.jpg 1600w\" sizes=\"(max-width: 300px) 100vw, 300px\" \/> <img loading=\"lazy\" decoding=\"async\" class=\"alignnone size-medium wp-image-16095\" src=\"https:\/\/blogsaverroes.juntadeandalucia.es\/ceipva\/files\/2023\/03\/1678693702241-225x300.jpg\" alt=\"\" width=\"225\" height=\"300\" srcset=\"https:\/\/blogsaverroes.juntadeandalucia.es\/ceipva\/files\/2023\/03\/1678693702241-225x300.jpg 225w, https:\/\/blogsaverroes.juntadeandalucia.es\/ceipva\/files\/2023\/03\/1678693702241-768x1024.jpg 768w, https:\/\/blogsaverroes.juntadeandalucia.es\/ceipva\/files\/2023\/03\/1678693702241-1152x1536.jpg 1152w, https:\/\/blogsaverroes.juntadeandalucia.es\/ceipva\/files\/2023\/03\/1678693702241-18x24.jpg 18w, https:\/\/blogsaverroes.juntadeandalucia.es\/ceipva\/files\/2023\/03\/1678693702241-27x36.jpg 27w, https:\/\/blogsaverroes.juntadeandalucia.es\/ceipva\/files\/2023\/03\/1678693702241-36x48.jpg 36w, https:\/\/blogsaverroes.juntadeandalucia.es\/ceipva\/files\/2023\/03\/1678693702241.jpg 1200w\" sizes=\"(max-width: 225px) 100vw, 225px\" \/><\/div>\n<div id=\":pn\" class=\"ii gt\">\n<div id=\":129\" class=\"a3s aiL \">\n<div class=\"yj6qo\">&nbsp;<\/div>\n<div class=\"adL\">&nbsp;<\/div>\n<\/div>\n<\/div>\n<div id=\":ns\" class=\"hq gt\">&nbsp;<\/div>\n","protected":false},"excerpt":{"rendered":"<p>Dentro de las actividades organizadas en nuestro centro con motivo del 8 m se encuentra la visibilizaci\u00f3n de mujeres importantes en sus campos de trabajo. Por ello, el alumnado de quinto, cuarto y tercero ha trabajado biograf\u00edas de mujeres andaluzas destacables.&nbsp; Adem\u00e1s, cuarto est\u00e1 realizando el rinc\u00f3n violeta del patio delantero. &nbsp; &nbsp; &nbsp;<\/p>\n","protected":false},"author":8097,"featured_media":0,"comment_status":"closed","ping_status":"open","sticky":false,"template":"","format":"standard","meta":{"ngg_post_thumbnail":0,"footnotes":""},"categories":[1],"tags":[],"aioseo_notices":[],"_links":{"self":[{"href":"https:\/\/blogsaverroes.juntadeandalucia.es\/ceipva\/wp-json\/wp\/v2\/posts\/16085"}],"collection":[{"href":"https:\/\/blogsaverroes.juntadeandalucia.es\/ceipva\/wp-json\/wp\/v2\/posts"}],"about":[{"href":"https:\/\/blogsaverroes.juntadeandalucia.es\/ceipva\/wp-json\/wp\/v2\/types\/post"}],"author":[{"embeddable":true,"href":"https:\/\/blogsaverroes.juntadeandalucia.es\/ceipva\/wp-json\/wp\/v2\/users\/8097"}],"replies":[{"embeddable":true,"href":"https:\/\/blogsaverroes.juntadeandalucia.es\/ceipva\/wp-json\/wp\/v2\/comments?post=16085"}],"version-history":[{"count":1,"href":"https:\/\/blogsaverroes.juntadeandalucia.es\/ceipva\/wp-json\/wp\/v2\/posts\/16085\/revisions"}],"predecessor-version":[{"id":16096,"href":"https:\/\/blogsaverroes.juntadeandalucia.es\/ceipva\/wp-json\/wp\/v2\/posts\/16085\/revisions\/16096"}],"wp:attachment":[{"href":"https:\/\/blogsaverroes.juntadeandalucia.es\/ceipva\/wp-json\/wp\/v2\/media?parent=16085"}],"wp:term":[{"taxonomy":"category","embeddable":true,"href":"https:\/\/blogsaverroes.juntadeandalucia.es\/ceipva\/wp-json\/wp\/v2\/categories?post=16085"},{"taxonomy":"post_tag","embeddable":true,"href":"https:\/\/blogsaverroes.juntadeandalucia.es\/ceipva\/wp-json\/wp\/v2\/tags?post=16085"}],"curies":[{"name":"wp","href":"https:\/\/api.w.org\/{rel}","templated":true}]}}