{"id":16992,"date":"2024-01-30T18:46:21","date_gmt":"2024-01-30T17:46:21","guid":{"rendered":"https:\/\/blogsaverroes.juntadeandalucia.es\/ceipva\/?p=16992"},"modified":"2024-01-30T19:21:41","modified_gmt":"2024-01-30T18:21:41","slug":"jornada-de-puertas-abiertas-3","status":"publish","type":"post","link":"https:\/\/blogsaverroes.juntadeandalucia.es\/ceipva\/jornada-de-puertas-abiertas-3\/","title":{"rendered":"JORNADA DE PUERTAS ABIERTAS"},"content":{"rendered":"<p>Estimadas familias:<\/p>\n<p>Con motivo de la apertura del per\u00edodo escolar para el curso24\/25, os invitamos a las jornadas de puertas abiertas de nuestro cole. Pod\u00e9is venir acompa\u00f1ados de los peques para que conozcan su futuro cole.<\/p>\n<p>Tendr\u00e1 lugar el 20 de Febrero a las 18:00h. \u00a1Os esperamos!<\/p>\n<div style=\"width: 474px;\" class=\"wp-video\"><!--[if lt IE 9]><script>document.createElement('video');<\/script><![endif]-->\n<video class=\"wp-video-shortcode\" id=\"video-16992-1\" width=\"474\" height=\"474\" preload=\"metadata\" controls=\"controls\"><source type=\"video\/mp4\" src=\"https:\/\/blogsaverroes.juntadeandalucia.es\/ceipva\/files\/2024\/01\/V\u00eddeo-de-Instagram-Azul-y-Naranja-Amapola-Org\u00e1nico-Mensaje.mp4?_=1\" \/><a href=\"https:\/\/blogsaverroes.juntadeandalucia.es\/ceipva\/files\/2024\/01\/V\u00eddeo-de-Instagram-Azul-y-Naranja-Amapola-Org\u00e1nico-Mensaje.mp4\">https:\/\/blogsaverroes.juntadeandalucia.es\/ceipva\/files\/2024\/01\/V\u00eddeo-de-Instagram-Azul-y-Naranja-Amapola-Org\u00e1nico-Mensaje.mp4<\/a><\/video><\/div>\n","protected":false},"excerpt":{"rendered":"<p>Estimadas familias: Con motivo de la apertura del per\u00edodo escolar para el curso24\/25, os invitamos a las jornadas de puertas abiertas de nuestro cole. Pod\u00e9is venir acompa\u00f1ados de los peques para que conozcan su futuro cole. Tendr\u00e1 lugar el 20 de Febrero a las 18:00h. \u00a1Os esperamos!<\/p>\n","protected":false},"author":8097,"featured_media":0,"comment_status":"closed","ping_status":"open","sticky":false,"template":"","format":"standard","meta":{"ngg_post_thumbnail":0,"footnotes":""},"categories":[1],"tags":[],"aioseo_notices":[],"_links":{"self":[{"href":"https:\/\/blogsaverroes.juntadeandalucia.es\/ceipva\/wp-json\/wp\/v2\/posts\/16992"}],"collection":[{"href":"https:\/\/blogsaverroes.juntadeandalucia.es\/ceipva\/wp-json\/wp\/v2\/posts"}],"about":[{"href":"https:\/\/blogsaverroes.juntadeandalucia.es\/ceipva\/wp-json\/wp\/v2\/types\/post"}],"author":[{"embeddable":true,"href":"https:\/\/blogsaverroes.juntadeandalucia.es\/ceipva\/wp-json\/wp\/v2\/users\/8097"}],"replies":[{"embeddable":true,"href":"https:\/\/blogsaverroes.juntadeandalucia.es\/ceipva\/wp-json\/wp\/v2\/comments?post=16992"}],"version-history":[{"count":3,"href":"https:\/\/blogsaverroes.juntadeandalucia.es\/ceipva\/wp-json\/wp\/v2\/posts\/16992\/revisions"}],"predecessor-version":[{"id":16997,"href":"https:\/\/blogsaverroes.juntadeandalucia.es\/ceipva\/wp-json\/wp\/v2\/posts\/16992\/revisions\/16997"}],"wp:attachment":[{"href":"https:\/\/blogsaverroes.juntadeandalucia.es\/ceipva\/wp-json\/wp\/v2\/media?parent=16992"}],"wp:term":[{"taxonomy":"category","embeddable":true,"href":"https:\/\/blogsaverroes.juntadeandalucia.es\/ceipva\/wp-json\/wp\/v2\/categories?post=16992"},{"taxonomy":"post_tag","embeddable":true,"href":"https:\/\/blogsaverroes.juntadeandalucia.es\/ceipva\/wp-json\/wp\/v2\/tags?post=16992"}],"curies":[{"name":"wp","href":"https:\/\/api.w.org\/{rel}","templated":true}]}}