{"id":17532,"date":"2024-10-11T10:07:50","date_gmt":"2024-10-11T09:07:50","guid":{"rendered":"https:\/\/blogsaverroes.juntadeandalucia.es\/ceipva\/?p=17532"},"modified":"2024-10-11T10:07:50","modified_gmt":"2024-10-11T09:07:50","slug":"futbolin-del-ampa","status":"publish","type":"post","link":"https:\/\/blogsaverroes.juntadeandalucia.es\/ceipva\/futbolin-del-ampa\/","title":{"rendered":"Futbol\u00edn del Ampa"},"content":{"rendered":"<p>Estimadas familias,<\/p>\n<p>Desde aqu\u00ed queremos agradecer todo lo que nos aporta el Ampa a nuestro centro. No s\u00f3lo nos organiza todas las actividades dentro del mismo (talleres, cuentos, casta\u00f1eras, Andaluc\u00eda,&#8230;), sino que nos dota de cosas para el nuestros ni\u00f1os y ni\u00f1as (Aire acondicionado, proyectores,&#8230;).<\/p>\n<p>Este curso ya han empezado a ayudarnos y nos han comprado este magn\u00edfico futbol\u00edn , para que nuestros recreos l\u00fadicos sean lo m\u00e1s amenos y divertidos posibles.<\/p>\n<p>\u00a1Muchas Gracias por todo!<\/p>\n<p><img loading=\"lazy\" decoding=\"async\" class=\"alignnone size-medium wp-image-17533\" src=\"https:\/\/blogsaverroes.juntadeandalucia.es\/ceipva\/files\/2024\/10\/1728637036591-300x135.jpg\" alt=\"\" width=\"300\" height=\"135\" srcset=\"https:\/\/blogsaverroes.juntadeandalucia.es\/ceipva\/files\/2024\/10\/1728637036591-300x135.jpg 300w, https:\/\/blogsaverroes.juntadeandalucia.es\/ceipva\/files\/2024\/10\/1728637036591-1024x462.jpg 1024w, https:\/\/blogsaverroes.juntadeandalucia.es\/ceipva\/files\/2024\/10\/1728637036591-768x346.jpg 768w, https:\/\/blogsaverroes.juntadeandalucia.es\/ceipva\/files\/2024\/10\/1728637036591-1536x693.jpg 1536w, https:\/\/blogsaverroes.juntadeandalucia.es\/ceipva\/files\/2024\/10\/1728637036591-2048x924.jpg 2048w\" sizes=\"(max-width: 300px) 100vw, 300px\" \/><\/p>\n<p>&nbsp;<\/p>\n","protected":false},"excerpt":{"rendered":"<p>Estimadas familias, Desde aqu\u00ed queremos agradecer todo lo que nos aporta el Ampa a nuestro centro. No s\u00f3lo nos organiza todas las actividades dentro del mismo (talleres, cuentos, casta\u00f1eras, Andaluc\u00eda,&#8230;), sino que nos dota de cosas para el nuestros ni\u00f1os y ni\u00f1as (Aire acondicionado, proyectores,&#8230;). Este curso ya han empezado a ayudarnos y nos han &hellip; <a href=\"https:\/\/blogsaverroes.juntadeandalucia.es\/ceipva\/futbolin-del-ampa\/\" class=\"more-link\">Seguir leyendo <span class=\"screen-reader-text\">Futbol\u00edn del Ampa<\/span> <span class=\"meta-nav\">&rarr;<\/span><\/a><\/p>\n","protected":false},"author":8097,"featured_media":0,"comment_status":"closed","ping_status":"open","sticky":false,"template":"","format":"standard","meta":{"ngg_post_thumbnail":0,"footnotes":""},"categories":[1],"tags":[],"aioseo_notices":[],"_links":{"self":[{"href":"https:\/\/blogsaverroes.juntadeandalucia.es\/ceipva\/wp-json\/wp\/v2\/posts\/17532"}],"collection":[{"href":"https:\/\/blogsaverroes.juntadeandalucia.es\/ceipva\/wp-json\/wp\/v2\/posts"}],"about":[{"href":"https:\/\/blogsaverroes.juntadeandalucia.es\/ceipva\/wp-json\/wp\/v2\/types\/post"}],"author":[{"embeddable":true,"href":"https:\/\/blogsaverroes.juntadeandalucia.es\/ceipva\/wp-json\/wp\/v2\/users\/8097"}],"replies":[{"embeddable":true,"href":"https:\/\/blogsaverroes.juntadeandalucia.es\/ceipva\/wp-json\/wp\/v2\/comments?post=17532"}],"version-history":[{"count":1,"href":"https:\/\/blogsaverroes.juntadeandalucia.es\/ceipva\/wp-json\/wp\/v2\/posts\/17532\/revisions"}],"predecessor-version":[{"id":17534,"href":"https:\/\/blogsaverroes.juntadeandalucia.es\/ceipva\/wp-json\/wp\/v2\/posts\/17532\/revisions\/17534"}],"wp:attachment":[{"href":"https:\/\/blogsaverroes.juntadeandalucia.es\/ceipva\/wp-json\/wp\/v2\/media?parent=17532"}],"wp:term":[{"taxonomy":"category","embeddable":true,"href":"https:\/\/blogsaverroes.juntadeandalucia.es\/ceipva\/wp-json\/wp\/v2\/categories?post=17532"},{"taxonomy":"post_tag","embeddable":true,"href":"https:\/\/blogsaverroes.juntadeandalucia.es\/ceipva\/wp-json\/wp\/v2\/tags?post=17532"}],"curies":[{"name":"wp","href":"https:\/\/api.w.org\/{rel}","templated":true}]}}