{"id":17994,"date":"2025-03-13T07:59:00","date_gmt":"2025-03-13T06:59:00","guid":{"rendered":"https:\/\/blogsaverroes.juntadeandalucia.es\/ceipva\/?p=17994"},"modified":"2025-03-13T07:59:24","modified_gmt":"2025-03-13T06:59:24","slug":"el-polo-pepe","status":"publish","type":"post","link":"https:\/\/blogsaverroes.juntadeandalucia.es\/ceipva\/el-polo-pepe\/","title":{"rendered":"El Pollo Pepe. 3 a\u00f1os"},"content":{"rendered":"<p>Estimadas familias:<\/p>\n<p>Los alumnos y alumnas de 3 a\u00f1os y c\u00f3mo colof\u00f3n al Proyecto trabajado en clase nos cuentan este cuento tan bonito y especial en estos primeros a\u00f1os.<\/p>\n<p>Para ello han subido al Aula del Futuro y han grabado en nuestro Croma dicho cuento que esperemos que os guste.<\/p>\n<p>\u00a1Enhorabuena!<\/p>\n<p><iframe loading=\"lazy\" title=\"El Pollo Pepe. 3 a\u00f1os. 2024-25\" width=\"474\" height=\"267\" src=\"https:\/\/www.youtube.com\/embed\/0Dz_q8nEErA?feature=oembed\" frameborder=\"0\" allow=\"accelerometer; autoplay; clipboard-write; encrypted-media; gyroscope; picture-in-picture; web-share\" referrerpolicy=\"strict-origin-when-cross-origin\" allowfullscreen><\/iframe><\/p>\n","protected":false},"excerpt":{"rendered":"<p>Estimadas familias: Los alumnos y alumnas de 3 a\u00f1os y c\u00f3mo colof\u00f3n al Proyecto trabajado en clase nos cuentan este cuento tan bonito y especial en estos primeros a\u00f1os. Para ello han subido al Aula del Futuro y han grabado en nuestro Croma dicho cuento que esperemos que os guste. \u00a1Enhorabuena!<\/p>\n","protected":false},"author":8097,"featured_media":0,"comment_status":"closed","ping_status":"open","sticky":false,"template":"","format":"standard","meta":{"ngg_post_thumbnail":0,"footnotes":""},"categories":[1],"tags":[],"aioseo_notices":[],"_links":{"self":[{"href":"https:\/\/blogsaverroes.juntadeandalucia.es\/ceipva\/wp-json\/wp\/v2\/posts\/17994"}],"collection":[{"href":"https:\/\/blogsaverroes.juntadeandalucia.es\/ceipva\/wp-json\/wp\/v2\/posts"}],"about":[{"href":"https:\/\/blogsaverroes.juntadeandalucia.es\/ceipva\/wp-json\/wp\/v2\/types\/post"}],"author":[{"embeddable":true,"href":"https:\/\/blogsaverroes.juntadeandalucia.es\/ceipva\/wp-json\/wp\/v2\/users\/8097"}],"replies":[{"embeddable":true,"href":"https:\/\/blogsaverroes.juntadeandalucia.es\/ceipva\/wp-json\/wp\/v2\/comments?post=17994"}],"version-history":[{"count":3,"href":"https:\/\/blogsaverroes.juntadeandalucia.es\/ceipva\/wp-json\/wp\/v2\/posts\/17994\/revisions"}],"predecessor-version":[{"id":17997,"href":"https:\/\/blogsaverroes.juntadeandalucia.es\/ceipva\/wp-json\/wp\/v2\/posts\/17994\/revisions\/17997"}],"wp:attachment":[{"href":"https:\/\/blogsaverroes.juntadeandalucia.es\/ceipva\/wp-json\/wp\/v2\/media?parent=17994"}],"wp:term":[{"taxonomy":"category","embeddable":true,"href":"https:\/\/blogsaverroes.juntadeandalucia.es\/ceipva\/wp-json\/wp\/v2\/categories?post=17994"},{"taxonomy":"post_tag","embeddable":true,"href":"https:\/\/blogsaverroes.juntadeandalucia.es\/ceipva\/wp-json\/wp\/v2\/tags?post=17994"}],"curies":[{"name":"wp","href":"https:\/\/api.w.org\/{rel}","templated":true}]}}