{"id":18121,"date":"2025-05-20T09:33:20","date_gmt":"2025-05-20T08:33:20","guid":{"rendered":"https:\/\/blogsaverroes.juntadeandalucia.es\/ceipva\/?p=18121"},"modified":"2025-05-20T09:33:37","modified_gmt":"2025-05-20T08:33:37","slug":"cuentacuentos-pippi-calzaslargas","status":"publish","type":"post","link":"https:\/\/blogsaverroes.juntadeandalucia.es\/ceipva\/cuentacuentos-pippi-calzaslargas\/","title":{"rendered":"Cuentacuentos Pippi Calzaslargas. Infantil 5 a\u00f1os."},"content":{"rendered":"<p>Estimadas familias,<\/p>\n<p>Los ni\u00f1os y ni\u00f1as de 5 a\u00f1os, junto a su maestra Macarena,&nbsp; han creado este cuento tan original sobre Pippi Calzaslargas. Para la elaboraci\u00f3n del mismo han subido al aula del futuro y han grabado las distintas secuencias del mismo, dando como resultado este hermosa historia.&nbsp;<\/p>\n<p>\u00a1Enhorabuena por este gran trabajo!<\/p>\n<p><iframe loading=\"lazy\" title=\"Cuentacuentos Pippi. Infantil 5 a\u00f1os\" width=\"474\" height=\"267\" src=\"https:\/\/www.youtube.com\/embed\/-wU7-oVEz1g?feature=oembed\" frameborder=\"0\" allow=\"accelerometer; autoplay; clipboard-write; encrypted-media; gyroscope; picture-in-picture; web-share\" referrerpolicy=\"strict-origin-when-cross-origin\" allowfullscreen><\/iframe><\/p>\n<p>&nbsp;<\/p>\n<p>&nbsp;<\/p>\n","protected":false},"excerpt":{"rendered":"<p>Estimadas familias, Los ni\u00f1os y ni\u00f1as de 5 a\u00f1os, junto a su maestra Macarena,&nbsp; han creado este cuento tan original sobre Pippi Calzaslargas. Para la elaboraci\u00f3n del mismo han subido al aula del futuro y han grabado las distintas secuencias del mismo, dando como resultado este hermosa historia.&nbsp; \u00a1Enhorabuena por este gran trabajo! &nbsp; &nbsp;<\/p>\n","protected":false},"author":8097,"featured_media":0,"comment_status":"closed","ping_status":"open","sticky":false,"template":"","format":"standard","meta":{"ngg_post_thumbnail":0,"footnotes":""},"categories":[1],"tags":[],"aioseo_notices":[],"_links":{"self":[{"href":"https:\/\/blogsaverroes.juntadeandalucia.es\/ceipva\/wp-json\/wp\/v2\/posts\/18121"}],"collection":[{"href":"https:\/\/blogsaverroes.juntadeandalucia.es\/ceipva\/wp-json\/wp\/v2\/posts"}],"about":[{"href":"https:\/\/blogsaverroes.juntadeandalucia.es\/ceipva\/wp-json\/wp\/v2\/types\/post"}],"author":[{"embeddable":true,"href":"https:\/\/blogsaverroes.juntadeandalucia.es\/ceipva\/wp-json\/wp\/v2\/users\/8097"}],"replies":[{"embeddable":true,"href":"https:\/\/blogsaverroes.juntadeandalucia.es\/ceipva\/wp-json\/wp\/v2\/comments?post=18121"}],"version-history":[{"count":2,"href":"https:\/\/blogsaverroes.juntadeandalucia.es\/ceipva\/wp-json\/wp\/v2\/posts\/18121\/revisions"}],"predecessor-version":[{"id":18124,"href":"https:\/\/blogsaverroes.juntadeandalucia.es\/ceipva\/wp-json\/wp\/v2\/posts\/18121\/revisions\/18124"}],"wp:attachment":[{"href":"https:\/\/blogsaverroes.juntadeandalucia.es\/ceipva\/wp-json\/wp\/v2\/media?parent=18121"}],"wp:term":[{"taxonomy":"category","embeddable":true,"href":"https:\/\/blogsaverroes.juntadeandalucia.es\/ceipva\/wp-json\/wp\/v2\/categories?post=18121"},{"taxonomy":"post_tag","embeddable":true,"href":"https:\/\/blogsaverroes.juntadeandalucia.es\/ceipva\/wp-json\/wp\/v2\/tags?post=18121"}],"curies":[{"name":"wp","href":"https:\/\/api.w.org\/{rel}","templated":true}]}}