{"id":18125,"date":"2025-05-20T10:53:54","date_gmt":"2025-05-20T09:53:54","guid":{"rendered":"https:\/\/blogsaverroes.juntadeandalucia.es\/ceipva\/?p=18125"},"modified":"2025-05-20T10:53:54","modified_gmt":"2025-05-20T09:53:54","slug":"baile-proyecto-pippi-3-anos","status":"publish","type":"post","link":"https:\/\/blogsaverroes.juntadeandalucia.es\/ceipva\/baile-proyecto-pippi-3-anos\/","title":{"rendered":"Baile. Proyecto Pippi. 3 a\u00f1os"},"content":{"rendered":"<p>Estimadas familias,<\/p>\n<p>los ni\u00f1os y ni\u00f1as de 3 a\u00f1os han preparado este baile de Pippi en el Croma del Aula del futuro.&nbsp; Este baile lo han aprendido junto a la maestra Tere y ha servido como finalizaci\u00f3n al Proyecto de Pippi que hemos trabajado durante este segundo trimestre.<\/p>\n<p><iframe loading=\"lazy\" title=\"BAILE PROYECTO PIPPI. 3 A\u00d1OS\" width=\"474\" height=\"267\" src=\"https:\/\/www.youtube.com\/embed\/CmH_F6UY6i0?feature=oembed\" frameborder=\"0\" allow=\"accelerometer; autoplay; clipboard-write; encrypted-media; gyroscope; picture-in-picture; web-share\" referrerpolicy=\"strict-origin-when-cross-origin\" allowfullscreen><\/iframe><\/p>\n<p>&nbsp;<\/p>\n","protected":false},"excerpt":{"rendered":"<p>Estimadas familias, los ni\u00f1os y ni\u00f1as de 3 a\u00f1os han preparado este baile de Pippi en el Croma del Aula del futuro.&nbsp; Este baile lo han aprendido junto a la maestra Tere y ha servido como finalizaci\u00f3n al Proyecto de Pippi que hemos trabajado durante este segundo trimestre. &nbsp;<\/p>\n","protected":false},"author":8097,"featured_media":0,"comment_status":"closed","ping_status":"open","sticky":false,"template":"","format":"standard","meta":{"ngg_post_thumbnail":0,"footnotes":""},"categories":[1],"tags":[],"aioseo_notices":[],"_links":{"self":[{"href":"https:\/\/blogsaverroes.juntadeandalucia.es\/ceipva\/wp-json\/wp\/v2\/posts\/18125"}],"collection":[{"href":"https:\/\/blogsaverroes.juntadeandalucia.es\/ceipva\/wp-json\/wp\/v2\/posts"}],"about":[{"href":"https:\/\/blogsaverroes.juntadeandalucia.es\/ceipva\/wp-json\/wp\/v2\/types\/post"}],"author":[{"embeddable":true,"href":"https:\/\/blogsaverroes.juntadeandalucia.es\/ceipva\/wp-json\/wp\/v2\/users\/8097"}],"replies":[{"embeddable":true,"href":"https:\/\/blogsaverroes.juntadeandalucia.es\/ceipva\/wp-json\/wp\/v2\/comments?post=18125"}],"version-history":[{"count":1,"href":"https:\/\/blogsaverroes.juntadeandalucia.es\/ceipva\/wp-json\/wp\/v2\/posts\/18125\/revisions"}],"predecessor-version":[{"id":18126,"href":"https:\/\/blogsaverroes.juntadeandalucia.es\/ceipva\/wp-json\/wp\/v2\/posts\/18125\/revisions\/18126"}],"wp:attachment":[{"href":"https:\/\/blogsaverroes.juntadeandalucia.es\/ceipva\/wp-json\/wp\/v2\/media?parent=18125"}],"wp:term":[{"taxonomy":"category","embeddable":true,"href":"https:\/\/blogsaverroes.juntadeandalucia.es\/ceipva\/wp-json\/wp\/v2\/categories?post=18125"},{"taxonomy":"post_tag","embeddable":true,"href":"https:\/\/blogsaverroes.juntadeandalucia.es\/ceipva\/wp-json\/wp\/v2\/tags?post=18125"}],"curies":[{"name":"wp","href":"https:\/\/api.w.org\/{rel}","templated":true}]}}