{"id":18346,"date":"2025-11-24T11:00:49","date_gmt":"2025-11-24T10:00:49","guid":{"rendered":"https:\/\/blogsaverroes.juntadeandalucia.es\/ceipva\/?p=18346"},"modified":"2025-11-24T11:00:49","modified_gmt":"2025-11-24T10:00:49","slug":"castaneras-11","status":"publish","type":"post","link":"https:\/\/blogsaverroes.juntadeandalucia.es\/ceipva\/castaneras-11\/","title":{"rendered":"CASTA\u00d1ERAS"},"content":{"rendered":"<p>Estimadas familias, Como cada a\u00f1o en el mes de noviembre nos han visitado las Casta\u00f1eras a nuestro cole. C\u00f3mo siempre han ido derrochando simpat\u00eda y nos han repartido unas ricas casta\u00f1as. Tenemos que agradecer enormemente la organizaci\u00f3n de esta actividad a nuestra AMPA, que cada a\u00f1o nos visitan organiz\u00e1ndonos esta actividad tan especial para nosotros.<\/p>\n<p><img loading=\"lazy\" decoding=\"async\" class=\"alignnone size-medium wp-image-18347\" src=\"https:\/\/blogsaverroes.juntadeandalucia.es\/ceipva\/files\/2025\/11\/1763732492459-300x226.jpg\" alt=\"\" width=\"300\" height=\"226\" srcset=\"https:\/\/blogsaverroes.juntadeandalucia.es\/ceipva\/files\/2025\/11\/1763732492459-300x226.jpg 300w, https:\/\/blogsaverroes.juntadeandalucia.es\/ceipva\/files\/2025\/11\/1763732492459-1024x771.jpg 1024w, https:\/\/blogsaverroes.juntadeandalucia.es\/ceipva\/files\/2025\/11\/1763732492459-768x578.jpg 768w, https:\/\/blogsaverroes.juntadeandalucia.es\/ceipva\/files\/2025\/11\/1763732492459-1536x1157.jpg 1536w, https:\/\/blogsaverroes.juntadeandalucia.es\/ceipva\/files\/2025\/11\/1763732492459-2048x1542.jpg 2048w\" sizes=\"(max-width: 300px) 100vw, 300px\" \/> <img loading=\"lazy\" decoding=\"async\" class=\"alignnone size-medium wp-image-18348\" src=\"https:\/\/blogsaverroes.juntadeandalucia.es\/ceipva\/files\/2025\/11\/1763732492111-300x226.jpg\" alt=\"\" width=\"300\" height=\"226\" srcset=\"https:\/\/blogsaverroes.juntadeandalucia.es\/ceipva\/files\/2025\/11\/1763732492111-300x226.jpg 300w, https:\/\/blogsaverroes.juntadeandalucia.es\/ceipva\/files\/2025\/11\/1763732492111-1024x771.jpg 1024w, https:\/\/blogsaverroes.juntadeandalucia.es\/ceipva\/files\/2025\/11\/1763732492111-768x578.jpg 768w, https:\/\/blogsaverroes.juntadeandalucia.es\/ceipva\/files\/2025\/11\/1763732492111-1536x1157.jpg 1536w, https:\/\/blogsaverroes.juntadeandalucia.es\/ceipva\/files\/2025\/11\/1763732492111-2048x1542.jpg 2048w\" sizes=\"(max-width: 300px) 100vw, 300px\" \/> <img loading=\"lazy\" decoding=\"async\" class=\"alignnone size-medium wp-image-18349\" src=\"https:\/\/blogsaverroes.juntadeandalucia.es\/ceipva\/files\/2025\/11\/1763732491925-300x226.jpg\" alt=\"\" width=\"300\" height=\"226\" srcset=\"https:\/\/blogsaverroes.juntadeandalucia.es\/ceipva\/files\/2025\/11\/1763732491925-300x226.jpg 300w, https:\/\/blogsaverroes.juntadeandalucia.es\/ceipva\/files\/2025\/11\/1763732491925-1024x771.jpg 1024w, https:\/\/blogsaverroes.juntadeandalucia.es\/ceipva\/files\/2025\/11\/1763732491925-768x578.jpg 768w, https:\/\/blogsaverroes.juntadeandalucia.es\/ceipva\/files\/2025\/11\/1763732491925-1536x1157.jpg 1536w, https:\/\/blogsaverroes.juntadeandalucia.es\/ceipva\/files\/2025\/11\/1763732491925-2048x1542.jpg 2048w\" sizes=\"(max-width: 300px) 100vw, 300px\" \/><\/p>\n","protected":false},"excerpt":{"rendered":"<p>Estimadas familias, Como cada a\u00f1o en el mes de noviembre nos han visitado las Casta\u00f1eras a nuestro cole. C\u00f3mo siempre han ido derrochando simpat\u00eda y nos han repartido unas ricas casta\u00f1as. Tenemos que agradecer enormemente la organizaci\u00f3n de esta actividad a nuestra AMPA, que cada a\u00f1o nos visitan organiz\u00e1ndonos esta actividad tan especial para nosotros.<\/p>\n","protected":false},"author":8097,"featured_media":0,"comment_status":"closed","ping_status":"open","sticky":false,"template":"","format":"standard","meta":{"ngg_post_thumbnail":0,"footnotes":""},"categories":[1],"tags":[],"aioseo_notices":[],"_links":{"self":[{"href":"https:\/\/blogsaverroes.juntadeandalucia.es\/ceipva\/wp-json\/wp\/v2\/posts\/18346"}],"collection":[{"href":"https:\/\/blogsaverroes.juntadeandalucia.es\/ceipva\/wp-json\/wp\/v2\/posts"}],"about":[{"href":"https:\/\/blogsaverroes.juntadeandalucia.es\/ceipva\/wp-json\/wp\/v2\/types\/post"}],"author":[{"embeddable":true,"href":"https:\/\/blogsaverroes.juntadeandalucia.es\/ceipva\/wp-json\/wp\/v2\/users\/8097"}],"replies":[{"embeddable":true,"href":"https:\/\/blogsaverroes.juntadeandalucia.es\/ceipva\/wp-json\/wp\/v2\/comments?post=18346"}],"version-history":[{"count":1,"href":"https:\/\/blogsaverroes.juntadeandalucia.es\/ceipva\/wp-json\/wp\/v2\/posts\/18346\/revisions"}],"predecessor-version":[{"id":18350,"href":"https:\/\/blogsaverroes.juntadeandalucia.es\/ceipva\/wp-json\/wp\/v2\/posts\/18346\/revisions\/18350"}],"wp:attachment":[{"href":"https:\/\/blogsaverroes.juntadeandalucia.es\/ceipva\/wp-json\/wp\/v2\/media?parent=18346"}],"wp:term":[{"taxonomy":"category","embeddable":true,"href":"https:\/\/blogsaverroes.juntadeandalucia.es\/ceipva\/wp-json\/wp\/v2\/categories?post=18346"},{"taxonomy":"post_tag","embeddable":true,"href":"https:\/\/blogsaverroes.juntadeandalucia.es\/ceipva\/wp-json\/wp\/v2\/tags?post=18346"}],"curies":[{"name":"wp","href":"https:\/\/api.w.org\/{rel}","templated":true}]}}