{"id":18418,"date":"2026-02-02T10:12:47","date_gmt":"2026-02-02T09:12:47","guid":{"rendered":"https:\/\/blogsaverroes.juntadeandalucia.es\/ceipva\/?p=18418"},"modified":"2026-02-02T10:12:47","modified_gmt":"2026-02-02T09:12:47","slug":"felicidades-campeona","status":"publish","type":"post","link":"https:\/\/blogsaverroes.juntadeandalucia.es\/ceipva\/felicidades-campeona\/","title":{"rendered":"\u00a1FELICIDADES CAMPEONA!"},"content":{"rendered":"<p>Hoy tenemos que Felicitar a nuestra Alumna Sandra Garc\u00eda Tirado por haberse convertido en la Campeona de Andaluc\u00eda de Taekwondo.<\/p>\n<p>Despu\u00e9s de tantos a\u00f1os de esfuerzo y&nbsp; de tantas horas de entrenamiento, han dado sus frutos d\u00e1ndote este premio tan merecido. \u00a1Enhorabuena y a por muchos m\u00e1s!<\/p>\n<p><img loading=\"lazy\" decoding=\"async\" class=\"alignnone size-medium wp-image-18419\" src=\"https:\/\/blogsaverroes.juntadeandalucia.es\/ceipva\/files\/2026\/02\/1770022409824-203x300.jpg\" alt=\"\" width=\"203\" height=\"300\" srcset=\"https:\/\/blogsaverroes.juntadeandalucia.es\/ceipva\/files\/2026\/02\/1770022409824-203x300.jpg 203w, https:\/\/blogsaverroes.juntadeandalucia.es\/ceipva\/files\/2026\/02\/1770022409824-693x1024.jpg 693w, https:\/\/blogsaverroes.juntadeandalucia.es\/ceipva\/files\/2026\/02\/1770022409824-768x1135.jpg 768w, https:\/\/blogsaverroes.juntadeandalucia.es\/ceipva\/files\/2026\/02\/1770022409824-1040x1536.jpg 1040w, https:\/\/blogsaverroes.juntadeandalucia.es\/ceipva\/files\/2026\/02\/1770022409824.jpg 1083w\" sizes=\"(max-width: 203px) 100vw, 203px\" \/> <img loading=\"lazy\" decoding=\"async\" class=\"alignnone size-medium wp-image-18420\" src=\"https:\/\/blogsaverroes.juntadeandalucia.es\/ceipva\/files\/2026\/02\/1770022409901-300x196.jpg\" alt=\"\" width=\"300\" height=\"196\" srcset=\"https:\/\/blogsaverroes.juntadeandalucia.es\/ceipva\/files\/2026\/02\/1770022409901-300x196.jpg 300w, https:\/\/blogsaverroes.juntadeandalucia.es\/ceipva\/files\/2026\/02\/1770022409901-1024x670.jpg 1024w, https:\/\/blogsaverroes.juntadeandalucia.es\/ceipva\/files\/2026\/02\/1770022409901-768x503.jpg 768w, https:\/\/blogsaverroes.juntadeandalucia.es\/ceipva\/files\/2026\/02\/1770022409901.jpg 1170w\" sizes=\"(max-width: 300px) 100vw, 300px\" \/> <img loading=\"lazy\" decoding=\"async\" class=\"alignnone size-medium wp-image-18421\" src=\"https:\/\/blogsaverroes.juntadeandalucia.es\/ceipva\/files\/2026\/02\/1770022409998-300x191.jpg\" alt=\"\" width=\"300\" height=\"191\" srcset=\"https:\/\/blogsaverroes.juntadeandalucia.es\/ceipva\/files\/2026\/02\/1770022409998-300x191.jpg 300w, https:\/\/blogsaverroes.juntadeandalucia.es\/ceipva\/files\/2026\/02\/1770022409998-1024x651.jpg 1024w, https:\/\/blogsaverroes.juntadeandalucia.es\/ceipva\/files\/2026\/02\/1770022409998-768x488.jpg 768w, https:\/\/blogsaverroes.juntadeandalucia.es\/ceipva\/files\/2026\/02\/1770022409998.jpg 1170w\" sizes=\"(max-width: 300px) 100vw, 300px\" \/><\/p>\n","protected":false},"excerpt":{"rendered":"<p>Hoy tenemos que Felicitar a nuestra Alumna Sandra Garc\u00eda Tirado por haberse convertido en la Campeona de Andaluc\u00eda de Taekwondo. Despu\u00e9s de tantos a\u00f1os de esfuerzo y&nbsp; de tantas horas de entrenamiento, han dado sus frutos d\u00e1ndote este premio tan merecido. \u00a1Enhorabuena y a por muchos m\u00e1s!<\/p>\n","protected":false},"author":8097,"featured_media":0,"comment_status":"closed","ping_status":"open","sticky":false,"template":"","format":"standard","meta":{"ngg_post_thumbnail":0,"footnotes":""},"categories":[1],"tags":[],"aioseo_notices":[],"_links":{"self":[{"href":"https:\/\/blogsaverroes.juntadeandalucia.es\/ceipva\/wp-json\/wp\/v2\/posts\/18418"}],"collection":[{"href":"https:\/\/blogsaverroes.juntadeandalucia.es\/ceipva\/wp-json\/wp\/v2\/posts"}],"about":[{"href":"https:\/\/blogsaverroes.juntadeandalucia.es\/ceipva\/wp-json\/wp\/v2\/types\/post"}],"author":[{"embeddable":true,"href":"https:\/\/blogsaverroes.juntadeandalucia.es\/ceipva\/wp-json\/wp\/v2\/users\/8097"}],"replies":[{"embeddable":true,"href":"https:\/\/blogsaverroes.juntadeandalucia.es\/ceipva\/wp-json\/wp\/v2\/comments?post=18418"}],"version-history":[{"count":1,"href":"https:\/\/blogsaverroes.juntadeandalucia.es\/ceipva\/wp-json\/wp\/v2\/posts\/18418\/revisions"}],"predecessor-version":[{"id":18422,"href":"https:\/\/blogsaverroes.juntadeandalucia.es\/ceipva\/wp-json\/wp\/v2\/posts\/18418\/revisions\/18422"}],"wp:attachment":[{"href":"https:\/\/blogsaverroes.juntadeandalucia.es\/ceipva\/wp-json\/wp\/v2\/media?parent=18418"}],"wp:term":[{"taxonomy":"category","embeddable":true,"href":"https:\/\/blogsaverroes.juntadeandalucia.es\/ceipva\/wp-json\/wp\/v2\/categories?post=18418"},{"taxonomy":"post_tag","embeddable":true,"href":"https:\/\/blogsaverroes.juntadeandalucia.es\/ceipva\/wp-json\/wp\/v2\/tags?post=18418"}],"curies":[{"name":"wp","href":"https:\/\/api.w.org\/{rel}","templated":true}]}}