{"id":2717,"date":"2012-07-19T14:30:00","date_gmt":"2012-07-19T12:30:00","guid":{"rendered":"http:\/\/ceipva.wordpress.com\/?p=2717"},"modified":"2012-07-19T14:30:00","modified_gmt":"2012-07-19T12:30:00","slug":"agendas-escolares-12-13","status":"publish","type":"post","link":"https:\/\/blogsaverroes.juntadeandalucia.es\/ceipva\/agendas-escolares-12-13\/","title":{"rendered":"Agendas Escolares 12-13"},"content":{"rendered":"<p>Buenas tardes:<\/p>\n<p>Os informamos que ya tenemos las agendas para el pr\u00f3ximo curso y que la AMPA las pondr\u00e1 a vuestra disposici\u00f3n a comienzos de septiembre (* se os informar\u00e1 del horario para adquirirla).<br \/>\nLa agenda escolar es un mecanismo de comunicaci\u00f3n importante entre el docente y la familia adem\u00e1s de un medio para adquirir autonom\u00eda y responsabilidad en el alumnado.<\/p>\n<p>Atentamente<\/p>\n<p>La Direcci\u00f3n<\/p>\n","protected":false},"excerpt":{"rendered":"<p>Buenas tardes: Os informamos que ya tenemos las agendas para el pr\u00f3ximo curso y que la AMPA las pondr\u00e1 a vuestra disposici\u00f3n a comienzos de septiembre (* se os informar\u00e1 del horario para adquirirla). La agenda escolar es un mecanismo de comunicaci\u00f3n importante entre el docente y la familia adem\u00e1s de un medio para adquirir &hellip; <a href=\"https:\/\/blogsaverroes.juntadeandalucia.es\/ceipva\/agendas-escolares-12-13\/\" class=\"more-link\">Seguir leyendo <span class=\"screen-reader-text\">Agendas Escolares 12-13<\/span> <span class=\"meta-nav\">&rarr;<\/span><\/a><\/p>\n","protected":false},"author":15476,"featured_media":0,"comment_status":"open","ping_status":"open","sticky":false,"template":"","format":"standard","meta":{"ngg_post_thumbnail":0,"footnotes":""},"categories":[1],"tags":[],"aioseo_notices":[],"_links":{"self":[{"href":"https:\/\/blogsaverroes.juntadeandalucia.es\/ceipva\/wp-json\/wp\/v2\/posts\/2717"}],"collection":[{"href":"https:\/\/blogsaverroes.juntadeandalucia.es\/ceipva\/wp-json\/wp\/v2\/posts"}],"about":[{"href":"https:\/\/blogsaverroes.juntadeandalucia.es\/ceipva\/wp-json\/wp\/v2\/types\/post"}],"author":[{"embeddable":true,"href":"https:\/\/blogsaverroes.juntadeandalucia.es\/ceipva\/wp-json\/wp\/v2\/users\/15476"}],"replies":[{"embeddable":true,"href":"https:\/\/blogsaverroes.juntadeandalucia.es\/ceipva\/wp-json\/wp\/v2\/comments?post=2717"}],"version-history":[{"count":0,"href":"https:\/\/blogsaverroes.juntadeandalucia.es\/ceipva\/wp-json\/wp\/v2\/posts\/2717\/revisions"}],"wp:attachment":[{"href":"https:\/\/blogsaverroes.juntadeandalucia.es\/ceipva\/wp-json\/wp\/v2\/media?parent=2717"}],"wp:term":[{"taxonomy":"category","embeddable":true,"href":"https:\/\/blogsaverroes.juntadeandalucia.es\/ceipva\/wp-json\/wp\/v2\/categories?post=2717"},{"taxonomy":"post_tag","embeddable":true,"href":"https:\/\/blogsaverroes.juntadeandalucia.es\/ceipva\/wp-json\/wp\/v2\/tags?post=2717"}],"curies":[{"name":"wp","href":"https:\/\/api.w.org\/{rel}","templated":true}]}}