{"id":3374,"date":"2013-02-20T11:57:05","date_gmt":"2013-02-20T09:57:05","guid":{"rendered":"http:\/\/ceipva.wordpress.com\/?p=3374"},"modified":"2013-02-20T11:57:05","modified_gmt":"2013-02-20T09:57:05","slug":"actividades-dia-de-andalucia","status":"publish","type":"post","link":"https:\/\/blogsaverroes.juntadeandalucia.es\/ceipva\/actividades-dia-de-andalucia\/","title":{"rendered":"Actividades D\u00eda de Andaluc\u00eda"},"content":{"rendered":"<p>Estimadas familias:<\/p>\n<p>El pasado lunes se aprobaron en Consejo Escolar las actividades del D\u00eda de Andaluc\u00eda. Este a\u00f1o habr\u00e1 actividades variadas y diversas para todos los cursos:<\/p>\n<p>*Taller de reciclado para todo el Centro (Mancomunidad del <a href=\"http:\/\/ceipva.files.wordpress.com\/2012\/02\/bandera-andalucia.jpg\"><img loading=\"lazy\" decoding=\"async\" src=\"http:\/\/ceipva.files.wordpress.com\/2012\/02\/bandera-andalucia.jpg?w=150\" alt=\"BANDERA ANDALUCIA\" width=\"150\" height=\"99\" class=\"alignright size-thumbnail wp-image-2143\" \/><\/a>Guadalquivir)<br \/>\n* Estudiar a Manuel de Falla<br \/>\n* Actividades para conocer mejor nuestra Comunidad Aut\u00f3noma<br \/>\n*Taller de poes\u00eda<br \/>\n*Desayuno andaluz (a cargo de la AMPA).<br \/>\n*Excursiones en primer y tercer ciclo.<\/p>\n<p>Esperamos que sean del agrado de los alumnos y alumnas.<\/p>\n<p>Atentamente<\/p>\n<p>La Jefatura de Estudios<\/p>\n","protected":false},"excerpt":{"rendered":"<p>Estimadas familias: El pasado lunes se aprobaron en Consejo Escolar las actividades del D\u00eda de Andaluc\u00eda. Este a\u00f1o habr\u00e1 actividades variadas y diversas para todos los cursos: *Taller de reciclado para todo el Centro (Mancomunidad del Guadalquivir) * Estudiar a Manuel de Falla * Actividades para conocer mejor nuestra Comunidad Aut\u00f3noma *Taller de poes\u00eda *Desayuno &hellip; <a href=\"https:\/\/blogsaverroes.juntadeandalucia.es\/ceipva\/actividades-dia-de-andalucia\/\" class=\"more-link\">Seguir leyendo <span class=\"screen-reader-text\">Actividades D\u00eda de Andaluc\u00eda<\/span> <span class=\"meta-nav\">&rarr;<\/span><\/a><\/p>\n","protected":false},"author":15476,"featured_media":0,"comment_status":"open","ping_status":"open","sticky":false,"template":"","format":"standard","meta":{"ngg_post_thumbnail":0,"footnotes":""},"categories":[1],"tags":[],"aioseo_notices":[],"_links":{"self":[{"href":"https:\/\/blogsaverroes.juntadeandalucia.es\/ceipva\/wp-json\/wp\/v2\/posts\/3374"}],"collection":[{"href":"https:\/\/blogsaverroes.juntadeandalucia.es\/ceipva\/wp-json\/wp\/v2\/posts"}],"about":[{"href":"https:\/\/blogsaverroes.juntadeandalucia.es\/ceipva\/wp-json\/wp\/v2\/types\/post"}],"author":[{"embeddable":true,"href":"https:\/\/blogsaverroes.juntadeandalucia.es\/ceipva\/wp-json\/wp\/v2\/users\/15476"}],"replies":[{"embeddable":true,"href":"https:\/\/blogsaverroes.juntadeandalucia.es\/ceipva\/wp-json\/wp\/v2\/comments?post=3374"}],"version-history":[{"count":0,"href":"https:\/\/blogsaverroes.juntadeandalucia.es\/ceipva\/wp-json\/wp\/v2\/posts\/3374\/revisions"}],"wp:attachment":[{"href":"https:\/\/blogsaverroes.juntadeandalucia.es\/ceipva\/wp-json\/wp\/v2\/media?parent=3374"}],"wp:term":[{"taxonomy":"category","embeddable":true,"href":"https:\/\/blogsaverroes.juntadeandalucia.es\/ceipva\/wp-json\/wp\/v2\/categories?post=3374"},{"taxonomy":"post_tag","embeddable":true,"href":"https:\/\/blogsaverroes.juntadeandalucia.es\/ceipva\/wp-json\/wp\/v2\/tags?post=3374"}],"curies":[{"name":"wp","href":"https:\/\/api.w.org\/{rel}","templated":true}]}}