{"id":3473,"date":"2013-03-06T16:17:01","date_gmt":"2013-03-06T14:17:01","guid":{"rendered":"http:\/\/ceipva.wordpress.com\/?p=3473"},"modified":"2013-03-06T16:17:01","modified_gmt":"2013-03-06T14:17:01","slug":"semana-cultural-2013","status":"publish","type":"post","link":"https:\/\/blogsaverroes.juntadeandalucia.es\/ceipva\/semana-cultural-2013\/","title":{"rendered":"Semana Cultural 2013"},"content":{"rendered":"<p>Buenas tardes:    <figure id=\"attachment_3435\" aria-describedby=\"caption-attachment-3435\" style=\"width: 109px\" class=\"wp-caption alignleft\"><a href=\"http:\/\/ceipva.files.wordpress.com\/2013\/02\/ganador-mascota.jpg\"><img loading=\"lazy\" decoding=\"async\" src=\"http:\/\/ceipva.files.wordpress.com\/2013\/02\/ganador-mascota.jpg?w=109\" alt=\"Sportmonkey\" width=\"109\" height=\"150\" class=\"size-thumbnail wp-image-3435\" srcset=\"https:\/\/blogsaverroes.juntadeandalucia.es\/ceipva\/files\/2013\/02\/ganador-mascota.jpg 850w, https:\/\/blogsaverroes.juntadeandalucia.es\/ceipva\/files\/2013\/02\/ganador-mascota-218x300.jpg 218w, https:\/\/blogsaverroes.juntadeandalucia.es\/ceipva\/files\/2013\/02\/ganador-mascota-745x1024.jpg 745w, https:\/\/blogsaverroes.juntadeandalucia.es\/ceipva\/files\/2013\/02\/ganador-mascota-768x1056.jpg 768w, https:\/\/blogsaverroes.juntadeandalucia.es\/ceipva\/files\/2013\/02\/ganador-mascota-480x660.jpg 480w\" sizes=\"(max-width: 109px) 100vw, 109px\" \/><\/a><figcaption id=\"caption-attachment-3435\" class=\"wp-caption-text\">Sportmonkey<\/figcaption><\/figure><\/p>\n<p>Ya estamos inmersos en la organizaci\u00f3n de la semana cultural del Centro que se celebrar\u00e1 desde los d\u00edas 5-13 abril. Durante este per\u00edodo realizaremos las siguientes actividades:<\/p>\n<p>+ Feria del Libro &#8220;Maestra Julia G\u00f3mez del Sol&#8221;<br \/>\n* Semana matem\u00e1tica &#8220;Maestra Manuela Fern\u00e1ndez Fern\u00e1ndez&#8221;<br \/>\n* IV Olimpiadas Escolares.<\/p>\n<p>Hemos habilitado una p\u00e1gina en la parte superior donde iremos informando de todas las actividades.<\/p>\n<p>Atentamente<\/p>\n<p>La Direcci\u00f3n<\/p>\n","protected":false},"excerpt":{"rendered":"<p>Buenas tardes: Ya estamos inmersos en la organizaci\u00f3n de la semana cultural del Centro que se celebrar\u00e1 desde los d\u00edas 5-13 abril. Durante este per\u00edodo realizaremos las siguientes actividades: + Feria del Libro &#8220;Maestra Julia G\u00f3mez del Sol&#8221; * Semana matem\u00e1tica &#8220;Maestra Manuela Fern\u00e1ndez Fern\u00e1ndez&#8221; * IV Olimpiadas Escolares. Hemos habilitado una p\u00e1gina en la &hellip; <a href=\"https:\/\/blogsaverroes.juntadeandalucia.es\/ceipva\/semana-cultural-2013\/\" class=\"more-link\">Seguir leyendo <span class=\"screen-reader-text\">Semana Cultural 2013<\/span> <span class=\"meta-nav\">&rarr;<\/span><\/a><\/p>\n","protected":false},"author":15476,"featured_media":0,"comment_status":"open","ping_status":"open","sticky":false,"template":"","format":"standard","meta":{"ngg_post_thumbnail":0,"footnotes":""},"categories":[1],"tags":[],"aioseo_notices":[],"_links":{"self":[{"href":"https:\/\/blogsaverroes.juntadeandalucia.es\/ceipva\/wp-json\/wp\/v2\/posts\/3473"}],"collection":[{"href":"https:\/\/blogsaverroes.juntadeandalucia.es\/ceipva\/wp-json\/wp\/v2\/posts"}],"about":[{"href":"https:\/\/blogsaverroes.juntadeandalucia.es\/ceipva\/wp-json\/wp\/v2\/types\/post"}],"author":[{"embeddable":true,"href":"https:\/\/blogsaverroes.juntadeandalucia.es\/ceipva\/wp-json\/wp\/v2\/users\/15476"}],"replies":[{"embeddable":true,"href":"https:\/\/blogsaverroes.juntadeandalucia.es\/ceipva\/wp-json\/wp\/v2\/comments?post=3473"}],"version-history":[{"count":0,"href":"https:\/\/blogsaverroes.juntadeandalucia.es\/ceipva\/wp-json\/wp\/v2\/posts\/3473\/revisions"}],"wp:attachment":[{"href":"https:\/\/blogsaverroes.juntadeandalucia.es\/ceipva\/wp-json\/wp\/v2\/media?parent=3473"}],"wp:term":[{"taxonomy":"category","embeddable":true,"href":"https:\/\/blogsaverroes.juntadeandalucia.es\/ceipva\/wp-json\/wp\/v2\/categories?post=3473"},{"taxonomy":"post_tag","embeddable":true,"href":"https:\/\/blogsaverroes.juntadeandalucia.es\/ceipva\/wp-json\/wp\/v2\/tags?post=3473"}],"curies":[{"name":"wp","href":"https:\/\/api.w.org\/{rel}","templated":true}]}}