{"id":3475,"date":"2013-03-06T16:28:20","date_gmt":"2013-03-06T14:28:20","guid":{"rendered":"http:\/\/ceipva.wordpress.com\/?p=3475"},"modified":"2013-03-06T16:28:20","modified_gmt":"2013-03-06T14:28:20","slug":"disfraz-para-las-olimpiadas","status":"publish","type":"post","link":"https:\/\/blogsaverroes.juntadeandalucia.es\/ceipva\/disfraz-para-las-olimpiadas\/","title":{"rendered":"Disfraz para las Olimpiadas"},"content":{"rendered":"<p>Buenas tardes:<\/p>\n<p>Este a\u00f1o vamos a trasladarnos a la Antigua Grecia, cuna de los Juegos Ol\u00edmpicos. Por este motivo, todos los alumnos llevar\u00e1n un disfraz de griego, el cual usar\u00e1 en varias actividades (* cada tutor\/a le informar\u00e1 m\u00e1s adelante).<br \/>\nEntendemos los tiempos que corren y por este motivo os informamos con tiempo para que pod\u00e1is pedirlo prestado o hacerlo con material que teng\u00e1is en casa (*adjuntamos un enlace de c\u00f3m hacer el disfraz). En el caso de que quer\u00e1is comprarlo es de los disfraces m\u00e1s baratos.<br \/>\nMa\u00f1ana recibir\u00e9is la nota informativa <\/p>\n<p><a href=\"http:\/\/ceipva.files.wordpress.com\/2013\/03\/disfraz-2013.doc\">Disfraz 2013<\/a><br \/>\n<a href=\"http:\/\/comohacerte.com\/fiestas\/disfraz-de-griega\">V\u00eddeo para hacer el disfraz<\/a><\/p>\n","protected":false},"excerpt":{"rendered":"<p>Buenas tardes: Este a\u00f1o vamos a trasladarnos a la Antigua Grecia, cuna de los Juegos Ol\u00edmpicos. Por este motivo, todos los alumnos llevar\u00e1n un disfraz de griego, el cual usar\u00e1 en varias actividades (* cada tutor\/a le informar\u00e1 m\u00e1s adelante). Entendemos los tiempos que corren y por este motivo os informamos con tiempo para que &hellip; <a href=\"https:\/\/blogsaverroes.juntadeandalucia.es\/ceipva\/disfraz-para-las-olimpiadas\/\" class=\"more-link\">Seguir leyendo <span class=\"screen-reader-text\">Disfraz para las Olimpiadas<\/span> <span class=\"meta-nav\">&rarr;<\/span><\/a><\/p>\n","protected":false},"author":15476,"featured_media":0,"comment_status":"open","ping_status":"open","sticky":false,"template":"","format":"standard","meta":{"ngg_post_thumbnail":0,"footnotes":""},"categories":[1],"tags":[],"aioseo_notices":[],"_links":{"self":[{"href":"https:\/\/blogsaverroes.juntadeandalucia.es\/ceipva\/wp-json\/wp\/v2\/posts\/3475"}],"collection":[{"href":"https:\/\/blogsaverroes.juntadeandalucia.es\/ceipva\/wp-json\/wp\/v2\/posts"}],"about":[{"href":"https:\/\/blogsaverroes.juntadeandalucia.es\/ceipva\/wp-json\/wp\/v2\/types\/post"}],"author":[{"embeddable":true,"href":"https:\/\/blogsaverroes.juntadeandalucia.es\/ceipva\/wp-json\/wp\/v2\/users\/15476"}],"replies":[{"embeddable":true,"href":"https:\/\/blogsaverroes.juntadeandalucia.es\/ceipva\/wp-json\/wp\/v2\/comments?post=3475"}],"version-history":[{"count":0,"href":"https:\/\/blogsaverroes.juntadeandalucia.es\/ceipva\/wp-json\/wp\/v2\/posts\/3475\/revisions"}],"wp:attachment":[{"href":"https:\/\/blogsaverroes.juntadeandalucia.es\/ceipva\/wp-json\/wp\/v2\/media?parent=3475"}],"wp:term":[{"taxonomy":"category","embeddable":true,"href":"https:\/\/blogsaverroes.juntadeandalucia.es\/ceipva\/wp-json\/wp\/v2\/categories?post=3475"},{"taxonomy":"post_tag","embeddable":true,"href":"https:\/\/blogsaverroes.juntadeandalucia.es\/ceipva\/wp-json\/wp\/v2\/tags?post=3475"}],"curies":[{"name":"wp","href":"https:\/\/api.w.org\/{rel}","templated":true}]}}