{"id":509,"date":"2011-01-26T15:29:04","date_gmt":"2011-01-26T15:29:04","guid":{"rendered":"http:\/\/ceipva.wordpress.com\/?p=509"},"modified":"2011-01-26T15:29:04","modified_gmt":"2011-01-26T15:29:04","slug":"acto-dia-de-la-paz","status":"publish","type":"post","link":"https:\/\/blogsaverroes.juntadeandalucia.es\/ceipva\/acto-dia-de-la-paz\/","title":{"rendered":"ACTO D\u00cdA DE LA PAZ"},"content":{"rendered":"<p>Estimadas familias:<\/p>\n<p>El lunes 31 de enero tendr\u00e1 lugar el acto para la celebraci\u00f3n del d\u00eda de la paz. La entrada ser\u00e1 libre a partir de las 13 horas por la puerta de la C\/Murillo. Como ya habr\u00e1n le\u00eddo en los tablones de anuncios durante el acto se va a realizar un &#8220;gesto simb\u00f3lico&#8221; del cambio de una chapa con el logo de &#8220;escuela espacio de paz&#8221; por un juguete b\u00e9lico o similar (no hay que comprar nada, puede usarse una simple imagen impresa de una acci\u00f3n contraria a la paz ).<\/p>\n<p>Atentamente<\/p>\n<p>El Claustro de profesores y profesoras<\/p>\n","protected":false},"excerpt":{"rendered":"<p>Estimadas familias: El lunes 31 de enero tendr\u00e1 lugar el acto para la celebraci\u00f3n del d\u00eda de la paz. La entrada ser\u00e1 libre a partir de las 13 horas por la puerta de la C\/Murillo. Como ya habr\u00e1n le\u00eddo en los tablones de anuncios durante el acto se va a realizar un &#8220;gesto simb\u00f3lico&#8221; del &hellip; <a href=\"https:\/\/blogsaverroes.juntadeandalucia.es\/ceipva\/acto-dia-de-la-paz\/\" class=\"more-link\">Seguir leyendo <span class=\"screen-reader-text\">ACTO D\u00cdA DE LA PAZ<\/span> <span class=\"meta-nav\">&rarr;<\/span><\/a><\/p>\n","protected":false},"author":15476,"featured_media":0,"comment_status":"open","ping_status":"open","sticky":false,"template":"","format":"standard","meta":{"ngg_post_thumbnail":0,"footnotes":""},"categories":[1],"tags":[],"aioseo_notices":[],"_links":{"self":[{"href":"https:\/\/blogsaverroes.juntadeandalucia.es\/ceipva\/wp-json\/wp\/v2\/posts\/509"}],"collection":[{"href":"https:\/\/blogsaverroes.juntadeandalucia.es\/ceipva\/wp-json\/wp\/v2\/posts"}],"about":[{"href":"https:\/\/blogsaverroes.juntadeandalucia.es\/ceipva\/wp-json\/wp\/v2\/types\/post"}],"author":[{"embeddable":true,"href":"https:\/\/blogsaverroes.juntadeandalucia.es\/ceipva\/wp-json\/wp\/v2\/users\/15476"}],"replies":[{"embeddable":true,"href":"https:\/\/blogsaverroes.juntadeandalucia.es\/ceipva\/wp-json\/wp\/v2\/comments?post=509"}],"version-history":[{"count":0,"href":"https:\/\/blogsaverroes.juntadeandalucia.es\/ceipva\/wp-json\/wp\/v2\/posts\/509\/revisions"}],"wp:attachment":[{"href":"https:\/\/blogsaverroes.juntadeandalucia.es\/ceipva\/wp-json\/wp\/v2\/media?parent=509"}],"wp:term":[{"taxonomy":"category","embeddable":true,"href":"https:\/\/blogsaverroes.juntadeandalucia.es\/ceipva\/wp-json\/wp\/v2\/categories?post=509"},{"taxonomy":"post_tag","embeddable":true,"href":"https:\/\/blogsaverroes.juntadeandalucia.es\/ceipva\/wp-json\/wp\/v2\/tags?post=509"}],"curies":[{"name":"wp","href":"https:\/\/api.w.org\/{rel}","templated":true}]}}