{"id":514,"date":"2011-02-02T21:16:08","date_gmt":"2011-02-02T21:16:08","guid":{"rendered":"http:\/\/ceipva.wordpress.com\/?p=514"},"modified":"2011-02-02T21:16:08","modified_gmt":"2011-02-02T21:16:08","slug":"olimpiadas-2011","status":"publish","type":"post","link":"https:\/\/blogsaverroes.juntadeandalucia.es\/ceipva\/olimpiadas-2011\/","title":{"rendered":"Olimpiadas 2011"},"content":{"rendered":"<p>                                       <a href=\"http:\/\/ceipva.files.wordpress.com\/2011\/02\/mascota-buena.jpg\"><img loading=\"lazy\" decoding=\"async\" src=\"http:\/\/ceipva.files.wordpress.com\/2011\/02\/mascota-buena.jpg?w=150\" alt=\"\" title=\"mascota buena\" width=\"150\" height=\"111\" class=\"aligncenter size-thumbnail wp-image-515\" srcset=\"https:\/\/blogsaverroes.juntadeandalucia.es\/ceipva\/files\/2011\/02\/mascota-buena.jpg 1767w, https:\/\/blogsaverroes.juntadeandalucia.es\/ceipva\/files\/2011\/02\/mascota-buena-300x223.jpg 300w, https:\/\/blogsaverroes.juntadeandalucia.es\/ceipva\/files\/2011\/02\/mascota-buena-1024x760.jpg 1024w, https:\/\/blogsaverroes.juntadeandalucia.es\/ceipva\/files\/2011\/02\/mascota-buena-768x570.jpg 768w, https:\/\/blogsaverroes.juntadeandalucia.es\/ceipva\/files\/2011\/02\/mascota-buena-1536x1140.jpg 1536w, https:\/\/blogsaverroes.juntadeandalucia.es\/ceipva\/files\/2011\/02\/mascota-buena-510x382.jpg 510w, https:\/\/blogsaverroes.juntadeandalucia.es\/ceipva\/files\/2011\/02\/mascota-buena-1080x802.jpg 1080w, https:\/\/blogsaverroes.juntadeandalucia.es\/ceipva\/files\/2011\/02\/mascota-buena-1280x950.jpg 1280w, https:\/\/blogsaverroes.juntadeandalucia.es\/ceipva\/files\/2011\/02\/mascota-buena-980x728.jpg 980w, https:\/\/blogsaverroes.juntadeandalucia.es\/ceipva\/files\/2011\/02\/mascota-buena-480x356.jpg 480w\" sizes=\"(max-width: 150px) 100vw, 150px\" \/><\/a><\/p>\n<p>Estimadas familias:<\/p>\n<p>Os informamos que ya estamos dando los primeros pasos para la organizaci\u00f3n de las III Olimpiadas. Este a\u00f1o hay muchas novedades respecto a a\u00f1os anteriores: nueva tem\u00e1tica, nuevas competiciones, clausura en la caseta municipal (jornada de convivencia), participaci\u00f3n de otras instituciones educativas del pueblo&#8230; En definitiva, el evento va adquiriendo m\u00e1s alcance y aceptaci\u00f3n con el paso de las ediciones. Adem\u00e1s, este a\u00f1o crearemos en el Centro un libro Ol\u00edmpico con las tareas que har\u00e1n vuestros hijos e hijas durante la semana de las Olimpiadas. El trabajo ser\u00e1 intenso pero esperamos que los resultados sean positivos. Nuestra AMPA ha vuelto a adquirir un papel crucial en esta actividad a nivel organizativo, participativo y con una carga de trabajo muy intensa.<\/p>\n<p>Solicitamos vuestra ayuda cuando sea solicitada y la colaboraci\u00f3n y presencia en todas las actividades que se organicen.<\/p>\n<p>No se preocupen que se informar\u00e1 con mucha antelaci\u00f3n de todas las actividades (vuestros hijos e hijas ya trabajan en la mascota de esta edici\u00f3n).<\/p>\n<p>Fecha de las Olimpiadas: 22-26 de marzo<\/p>\n<p>(* No pregunt\u00e9is a los tutores y tutoras que ya os avisaremos).<\/p>\n<p>Atentamente<\/p>\n<p>La Direcci\u00f3n<\/p>\n","protected":false},"excerpt":{"rendered":"<p>Estimadas familias: Os informamos que ya estamos dando los primeros pasos para la organizaci\u00f3n de las III Olimpiadas. Este a\u00f1o hay muchas novedades respecto a a\u00f1os anteriores: nueva tem\u00e1tica, nuevas competiciones, clausura en la caseta municipal (jornada de convivencia), participaci\u00f3n de otras instituciones educativas del pueblo&#8230; En definitiva, el evento va adquiriendo m\u00e1s alcance y &hellip; <a href=\"https:\/\/blogsaverroes.juntadeandalucia.es\/ceipva\/olimpiadas-2011\/\" class=\"more-link\">Seguir leyendo <span class=\"screen-reader-text\">Olimpiadas 2011<\/span> <span class=\"meta-nav\">&rarr;<\/span><\/a><\/p>\n","protected":false},"author":15476,"featured_media":0,"comment_status":"open","ping_status":"open","sticky":false,"template":"","format":"standard","meta":{"ngg_post_thumbnail":0,"footnotes":""},"categories":[1],"tags":[],"aioseo_notices":[],"_links":{"self":[{"href":"https:\/\/blogsaverroes.juntadeandalucia.es\/ceipva\/wp-json\/wp\/v2\/posts\/514"}],"collection":[{"href":"https:\/\/blogsaverroes.juntadeandalucia.es\/ceipva\/wp-json\/wp\/v2\/posts"}],"about":[{"href":"https:\/\/blogsaverroes.juntadeandalucia.es\/ceipva\/wp-json\/wp\/v2\/types\/post"}],"author":[{"embeddable":true,"href":"https:\/\/blogsaverroes.juntadeandalucia.es\/ceipva\/wp-json\/wp\/v2\/users\/15476"}],"replies":[{"embeddable":true,"href":"https:\/\/blogsaverroes.juntadeandalucia.es\/ceipva\/wp-json\/wp\/v2\/comments?post=514"}],"version-history":[{"count":0,"href":"https:\/\/blogsaverroes.juntadeandalucia.es\/ceipva\/wp-json\/wp\/v2\/posts\/514\/revisions"}],"wp:attachment":[{"href":"https:\/\/blogsaverroes.juntadeandalucia.es\/ceipva\/wp-json\/wp\/v2\/media?parent=514"}],"wp:term":[{"taxonomy":"category","embeddable":true,"href":"https:\/\/blogsaverroes.juntadeandalucia.es\/ceipva\/wp-json\/wp\/v2\/categories?post=514"},{"taxonomy":"post_tag","embeddable":true,"href":"https:\/\/blogsaverroes.juntadeandalucia.es\/ceipva\/wp-json\/wp\/v2\/tags?post=514"}],"curies":[{"name":"wp","href":"https:\/\/api.w.org\/{rel}","templated":true}]}}