{"id":595,"date":"2011-02-16T16:45:08","date_gmt":"2011-02-16T16:45:08","guid":{"rendered":"http:\/\/ceipva.wordpress.com\/?p=595"},"modified":"2011-02-16T16:45:08","modified_gmt":"2011-02-16T16:45:08","slug":"fechas-de-evaluacion","status":"publish","type":"post","link":"https:\/\/blogsaverroes.juntadeandalucia.es\/ceipva\/fechas-de-evaluacion\/","title":{"rendered":"FECHAS DE EVALUACI\u00d3N"},"content":{"rendered":"<p>Estimadas familias:<\/p>\n<p>\tComo sab\u00e9is este a\u00f1o la Semana Santa cae muy tarde (del 18 al 24 de abril), por lo que el segundo trimestre resulta demasiado largo. Por este motivo, el Claustro de profesores  ha decidido adelantar la fecha de la segunda evaluaci\u00f3n al 17 de marzo.<br \/>\nEl 21 de marzo comenzar\u00e1 la tercera evaluaci\u00f3n.<\/p>\n<p>\tOs informamos que los boletines en Infantil y Primaria los entregaremos aun as\u00ed el viernes 15 de abril. En Secundaria se entregar\u00e1n en la primera semana del mes de abril.<\/p>\n<p>Muchas gracias por vuestra atenci\u00f3n<\/p>\n<p>El Equipo Directivo<\/p>\n","protected":false},"excerpt":{"rendered":"<p>Estimadas familias: Como sab\u00e9is este a\u00f1o la Semana Santa cae muy tarde (del 18 al 24 de abril), por lo que el segundo trimestre resulta demasiado largo. Por este motivo, el Claustro de profesores ha decidido adelantar la fecha de la segunda evaluaci\u00f3n al 17 de marzo. El 21 de marzo comenzar\u00e1 la tercera evaluaci\u00f3n. &hellip; <a href=\"https:\/\/blogsaverroes.juntadeandalucia.es\/ceipva\/fechas-de-evaluacion\/\" class=\"more-link\">Seguir leyendo <span class=\"screen-reader-text\">FECHAS DE EVALUACI\u00d3N<\/span> <span class=\"meta-nav\">&rarr;<\/span><\/a><\/p>\n","protected":false},"author":15476,"featured_media":0,"comment_status":"open","ping_status":"open","sticky":false,"template":"","format":"standard","meta":{"ngg_post_thumbnail":0,"footnotes":""},"categories":[1],"tags":[],"aioseo_notices":[],"_links":{"self":[{"href":"https:\/\/blogsaverroes.juntadeandalucia.es\/ceipva\/wp-json\/wp\/v2\/posts\/595"}],"collection":[{"href":"https:\/\/blogsaverroes.juntadeandalucia.es\/ceipva\/wp-json\/wp\/v2\/posts"}],"about":[{"href":"https:\/\/blogsaverroes.juntadeandalucia.es\/ceipva\/wp-json\/wp\/v2\/types\/post"}],"author":[{"embeddable":true,"href":"https:\/\/blogsaverroes.juntadeandalucia.es\/ceipva\/wp-json\/wp\/v2\/users\/15476"}],"replies":[{"embeddable":true,"href":"https:\/\/blogsaverroes.juntadeandalucia.es\/ceipva\/wp-json\/wp\/v2\/comments?post=595"}],"version-history":[{"count":0,"href":"https:\/\/blogsaverroes.juntadeandalucia.es\/ceipva\/wp-json\/wp\/v2\/posts\/595\/revisions"}],"wp:attachment":[{"href":"https:\/\/blogsaverroes.juntadeandalucia.es\/ceipva\/wp-json\/wp\/v2\/media?parent=595"}],"wp:term":[{"taxonomy":"category","embeddable":true,"href":"https:\/\/blogsaverroes.juntadeandalucia.es\/ceipva\/wp-json\/wp\/v2\/categories?post=595"},{"taxonomy":"post_tag","embeddable":true,"href":"https:\/\/blogsaverroes.juntadeandalucia.es\/ceipva\/wp-json\/wp\/v2\/tags?post=595"}],"curies":[{"name":"wp","href":"https:\/\/api.w.org\/{rel}","templated":true}]}}