{"id":628,"date":"2011-02-22T14:38:45","date_gmt":"2011-02-22T14:38:45","guid":{"rendered":"http:\/\/ceipva.wordpress.com\/?p=628"},"modified":"2011-02-22T14:38:45","modified_gmt":"2011-02-22T14:38:45","slug":"628-2","status":"publish","type":"post","link":"https:\/\/blogsaverroes.juntadeandalucia.es\/ceipva\/628-2\/","title":{"rendered":"PUENTE DE ANDALUC\u00cdA"},"content":{"rendered":"<p><a href=\"http:\/\/ceipva.files.wordpress.com\/2011\/02\/c3adndice.jpeg\"><img loading=\"lazy\" decoding=\"async\" src=\"http:\/\/ceipva.files.wordpress.com\/2011\/02\/c3adndice.jpeg\" alt=\"\" title=\"\u00edndice\" width=\"120\" height=\"80\" class=\"aligncenter size-full wp-image-630\" \/><\/a><\/p>\n<p>Estimadas familias:<\/p>\n<p>Os recordamos que el viernes 25 y el lunes 28 de febrero no habr\u00e1 clases (para toda la Comunidad Aut\u00f3noma) como aparece en el calendario escolar expuesto en los tablones de anuncios del Centro y en esta web (calendario escolar).<\/p>\n<p>Esperando que pas\u00e9is unos d\u00edas agradables con la familia.<\/p>\n<p>La Direcci\u00f3n<\/p>\n","protected":false},"excerpt":{"rendered":"<p>Estimadas familias: Os recordamos que el viernes 25 y el lunes 28 de febrero no habr\u00e1 clases (para toda la Comunidad Aut\u00f3noma) como aparece en el calendario escolar expuesto en los tablones de anuncios del Centro y en esta web (calendario escolar). Esperando que pas\u00e9is unos d\u00edas agradables con la familia. La Direcci\u00f3n<\/p>\n","protected":false},"author":15476,"featured_media":0,"comment_status":"open","ping_status":"open","sticky":false,"template":"","format":"standard","meta":{"ngg_post_thumbnail":0,"footnotes":""},"categories":[1],"tags":[],"aioseo_notices":[],"_links":{"self":[{"href":"https:\/\/blogsaverroes.juntadeandalucia.es\/ceipva\/wp-json\/wp\/v2\/posts\/628"}],"collection":[{"href":"https:\/\/blogsaverroes.juntadeandalucia.es\/ceipva\/wp-json\/wp\/v2\/posts"}],"about":[{"href":"https:\/\/blogsaverroes.juntadeandalucia.es\/ceipva\/wp-json\/wp\/v2\/types\/post"}],"author":[{"embeddable":true,"href":"https:\/\/blogsaverroes.juntadeandalucia.es\/ceipva\/wp-json\/wp\/v2\/users\/15476"}],"replies":[{"embeddable":true,"href":"https:\/\/blogsaverroes.juntadeandalucia.es\/ceipva\/wp-json\/wp\/v2\/comments?post=628"}],"version-history":[{"count":0,"href":"https:\/\/blogsaverroes.juntadeandalucia.es\/ceipva\/wp-json\/wp\/v2\/posts\/628\/revisions"}],"wp:attachment":[{"href":"https:\/\/blogsaverroes.juntadeandalucia.es\/ceipva\/wp-json\/wp\/v2\/media?parent=628"}],"wp:term":[{"taxonomy":"category","embeddable":true,"href":"https:\/\/blogsaverroes.juntadeandalucia.es\/ceipva\/wp-json\/wp\/v2\/categories?post=628"},{"taxonomy":"post_tag","embeddable":true,"href":"https:\/\/blogsaverroes.juntadeandalucia.es\/ceipva\/wp-json\/wp\/v2\/tags?post=628"}],"curies":[{"name":"wp","href":"https:\/\/api.w.org\/{rel}","templated":true}]}}