{"id":679,"date":"2011-03-04T18:47:52","date_gmt":"2011-03-04T18:47:52","guid":{"rendered":"http:\/\/ceipva.wordpress.com\/?p=679"},"modified":"2011-03-04T18:47:52","modified_gmt":"2011-03-04T18:47:52","slug":"preolimpico-de-baile","status":"publish","type":"post","link":"https:\/\/blogsaverroes.juntadeandalucia.es\/ceipva\/preolimpico-de-baile\/","title":{"rendered":"&#8220;Preol\u00edmpico de Baile&#8221;"},"content":{"rendered":"<p><a href=\"http:\/\/ceipva.files.wordpress.com\/2011\/03\/fama.jpg\"><img loading=\"lazy\" decoding=\"async\" src=\"http:\/\/ceipva.files.wordpress.com\/2011\/03\/fama.jpg?w=150\" alt=\"\" title=\"Fama\" width=\"150\" height=\"133\" class=\"aligncenter size-thumbnail wp-image-681\" srcset=\"https:\/\/blogsaverroes.juntadeandalucia.es\/ceipva\/files\/2011\/03\/fama.jpg 450w, https:\/\/blogsaverroes.juntadeandalucia.es\/ceipva\/files\/2011\/03\/fama-300x266.jpg 300w\" sizes=\"(max-width: 150px) 100vw, 150px\" \/><\/a><\/p>\n<p>Estimadas familias:<\/p>\n<p>Este martes a las 17:30 horas tendr\u00e1 lugar el concurso de baile que surgi\u00f3 de una propuesta del propio alumnado. Han estado ensayando durante los recreos, algunas tardes e incluso en alguna hora de educaci\u00f3n f\u00edsica. El premio al grupo ganador ser\u00e1 bailar en la caseta municipal en la clausura el pr\u00f3ximo 26 de marzo. <\/p>\n<p>Os recomiendo que ser\u00e1 divertido porque lo hacen estupendamente<br \/>\n(el jurado lo va a tener muy dif\u00edcil)<\/p>\n<p>ENTRADA LIBRE<\/p>\n","protected":false},"excerpt":{"rendered":"<p>Estimadas familias: Este martes a las 17:30 horas tendr\u00e1 lugar el concurso de baile que surgi\u00f3 de una propuesta del propio alumnado. Han estado ensayando durante los recreos, algunas tardes e incluso en alguna hora de educaci\u00f3n f\u00edsica. El premio al grupo ganador ser\u00e1 bailar en la caseta municipal en la clausura el pr\u00f3ximo 26 &hellip; <a href=\"https:\/\/blogsaverroes.juntadeandalucia.es\/ceipva\/preolimpico-de-baile\/\" class=\"more-link\">Seguir leyendo <span class=\"screen-reader-text\">&#8220;Preol\u00edmpico de Baile&#8221;<\/span> <span class=\"meta-nav\">&rarr;<\/span><\/a><\/p>\n","protected":false},"author":15476,"featured_media":0,"comment_status":"open","ping_status":"open","sticky":false,"template":"","format":"standard","meta":{"ngg_post_thumbnail":0,"footnotes":""},"categories":[1],"tags":[],"aioseo_notices":[],"_links":{"self":[{"href":"https:\/\/blogsaverroes.juntadeandalucia.es\/ceipva\/wp-json\/wp\/v2\/posts\/679"}],"collection":[{"href":"https:\/\/blogsaverroes.juntadeandalucia.es\/ceipva\/wp-json\/wp\/v2\/posts"}],"about":[{"href":"https:\/\/blogsaverroes.juntadeandalucia.es\/ceipva\/wp-json\/wp\/v2\/types\/post"}],"author":[{"embeddable":true,"href":"https:\/\/blogsaverroes.juntadeandalucia.es\/ceipva\/wp-json\/wp\/v2\/users\/15476"}],"replies":[{"embeddable":true,"href":"https:\/\/blogsaverroes.juntadeandalucia.es\/ceipva\/wp-json\/wp\/v2\/comments?post=679"}],"version-history":[{"count":0,"href":"https:\/\/blogsaverroes.juntadeandalucia.es\/ceipva\/wp-json\/wp\/v2\/posts\/679\/revisions"}],"wp:attachment":[{"href":"https:\/\/blogsaverroes.juntadeandalucia.es\/ceipva\/wp-json\/wp\/v2\/media?parent=679"}],"wp:term":[{"taxonomy":"category","embeddable":true,"href":"https:\/\/blogsaverroes.juntadeandalucia.es\/ceipva\/wp-json\/wp\/v2\/categories?post=679"},{"taxonomy":"post_tag","embeddable":true,"href":"https:\/\/blogsaverroes.juntadeandalucia.es\/ceipva\/wp-json\/wp\/v2\/tags?post=679"}],"curies":[{"name":"wp","href":"https:\/\/api.w.org\/{rel}","templated":true}]}}