{"id":6813,"date":"2016-02-10T01:07:18","date_gmt":"2016-02-09T23:07:18","guid":{"rendered":"https:\/\/ceipva.wordpress.com\/?p=6813"},"modified":"2016-02-10T01:07:18","modified_gmt":"2016-02-09T23:07:18","slug":"proyecto-la-ciencia","status":"publish","type":"post","link":"https:\/\/blogsaverroes.juntadeandalucia.es\/ceipva\/proyecto-la-ciencia\/","title":{"rendered":"Proyecto: &#8220;La Ciencia&#8221;"},"content":{"rendered":"<p>Estimadas familias:<\/p>\n<p>El pr\u00f3ximo mes vamos a iniciar la primera parte del proyecto sobre la Ciencia en el que el Centro se va a involucrar este curso. El pr\u00f3ximo mes, con motivo de la celebraci\u00f3n del \u201cD\u00eda la Mujer Trabajadora\u201d, cada nivel trabajar\u00e1 a una cient\u00edfica famosa y realizar\u00e1 distintas actividades para que tengan un mayor conocimiento de esa persona. Posteriormente, los cursos visitar\u00e1n las distintas aulas para conocer m\u00e1s sobre las distintas mujeres cient\u00edficas seleccionadas por cada nivel.<\/p>\n<p>En mayo, este a\u00f1o, cada curso preparar\u00e1 uno o dos experimentos con objeto a que posteriormente tengamos una jornada de puertas abiertas en horario de tarde para que ustedes puedan visitar y disfrutar de las creaciones del alumnado de los distintos cursos. Para completar este proyecto, tenemos la intenci\u00f3n de acudir a visitar la \u201cFeria de la Ciencia\u201d en el Palacio de Congresos (FIBES).<\/p>\n<p>Cuando se vaya acercando la fecha les iremos informando de m\u00e1s noticias.<\/p>\n<p>Atentamente.<\/p>\n","protected":false},"excerpt":{"rendered":"<p>Estimadas familias: El pr\u00f3ximo mes vamos a iniciar la primera parte del proyecto sobre la Ciencia en el que el Centro se va a involucrar este curso. El pr\u00f3ximo mes, con motivo de la celebraci\u00f3n del \u201cD\u00eda la Mujer Trabajadora\u201d, cada nivel trabajar\u00e1 a una cient\u00edfica famosa y realizar\u00e1 distintas actividades para que tengan un &hellip; <a href=\"https:\/\/blogsaverroes.juntadeandalucia.es\/ceipva\/proyecto-la-ciencia\/\" class=\"more-link\">Seguir leyendo <span class=\"screen-reader-text\">Proyecto: &#8220;La Ciencia&#8221;<\/span> <span class=\"meta-nav\">&rarr;<\/span><\/a><\/p>\n","protected":false},"author":15476,"featured_media":0,"comment_status":"open","ping_status":"open","sticky":false,"template":"","format":"standard","meta":{"ngg_post_thumbnail":0,"footnotes":""},"categories":[1],"tags":[],"aioseo_notices":[],"_links":{"self":[{"href":"https:\/\/blogsaverroes.juntadeandalucia.es\/ceipva\/wp-json\/wp\/v2\/posts\/6813"}],"collection":[{"href":"https:\/\/blogsaverroes.juntadeandalucia.es\/ceipva\/wp-json\/wp\/v2\/posts"}],"about":[{"href":"https:\/\/blogsaverroes.juntadeandalucia.es\/ceipva\/wp-json\/wp\/v2\/types\/post"}],"author":[{"embeddable":true,"href":"https:\/\/blogsaverroes.juntadeandalucia.es\/ceipva\/wp-json\/wp\/v2\/users\/15476"}],"replies":[{"embeddable":true,"href":"https:\/\/blogsaverroes.juntadeandalucia.es\/ceipva\/wp-json\/wp\/v2\/comments?post=6813"}],"version-history":[{"count":0,"href":"https:\/\/blogsaverroes.juntadeandalucia.es\/ceipva\/wp-json\/wp\/v2\/posts\/6813\/revisions"}],"wp:attachment":[{"href":"https:\/\/blogsaverroes.juntadeandalucia.es\/ceipva\/wp-json\/wp\/v2\/media?parent=6813"}],"wp:term":[{"taxonomy":"category","embeddable":true,"href":"https:\/\/blogsaverroes.juntadeandalucia.es\/ceipva\/wp-json\/wp\/v2\/categories?post=6813"},{"taxonomy":"post_tag","embeddable":true,"href":"https:\/\/blogsaverroes.juntadeandalucia.es\/ceipva\/wp-json\/wp\/v2\/tags?post=6813"}],"curies":[{"name":"wp","href":"https:\/\/api.w.org\/{rel}","templated":true}]}}