{"id":6815,"date":"2016-02-10T01:08:40","date_gmt":"2016-02-09T23:08:40","guid":{"rendered":"https:\/\/ceipva.wordpress.com\/?p=6815"},"modified":"2016-02-10T01:08:40","modified_gmt":"2016-02-09T23:08:40","slug":"proyecto-conoce-sevilla","status":"publish","type":"post","link":"https:\/\/blogsaverroes.juntadeandalucia.es\/ceipva\/proyecto-conoce-sevilla\/","title":{"rendered":"Proyecto: &#8220;Conoce Sevilla&#8221;"},"content":{"rendered":"<p>Estimadas familias:<\/p>\n<p>Desde este curso, el Centro va a llevar a cabo un proyecto denominado &#8220;Conoce Sevilla&#8221; que tiene como objetivo principal el que nuestro alumnado conozca los distintos monumentos y lugares emblem\u00e1ticos de Sevilla. Desde infantil 5 a\u00f1os hasta 6\u00ba de primaria, visitar\u00e1n distintos monumentos y lugares de inter\u00e9s como: La Catedral, El Alc\u00e1zar, Ayuntamiento, El Parlamento, Parque de M\u00aa Luisa&#8230; Dicho proyecto est\u00e1 organizado de tal manera que cada a\u00f1o ir\u00e1n a un lugar diferente por lo que se garantiza que todo el alumnado complete el proyecto una vez termine la educaci\u00f3n primaria.<\/p>\n<p>Nuestra idea era que todo el Centro hubiera realizado las salidas en febrero pero es complicado conseguir citas. No obstante, m\u00e1s de la mitad de las clases, realizar\u00e1n su salida este mes, comenzando por los alumnos de 3\u00ba que visitar\u00e1n este jueves &#8220;La Catedral de Sevilla&#8221;.<\/p>\n<p>Un saludo<\/p>\n<p>La Direcci\u00f3n<\/p>\n","protected":false},"excerpt":{"rendered":"<p>Estimadas familias: Desde este curso, el Centro va a llevar a cabo un proyecto denominado &#8220;Conoce Sevilla&#8221; que tiene como objetivo principal el que nuestro alumnado conozca los distintos monumentos y lugares emblem\u00e1ticos de Sevilla. Desde infantil 5 a\u00f1os hasta 6\u00ba de primaria, visitar\u00e1n distintos monumentos y lugares de inter\u00e9s como: La Catedral, El Alc\u00e1zar, &hellip; <a href=\"https:\/\/blogsaverroes.juntadeandalucia.es\/ceipva\/proyecto-conoce-sevilla\/\" class=\"more-link\">Seguir leyendo <span class=\"screen-reader-text\">Proyecto: &#8220;Conoce Sevilla&#8221;<\/span> <span class=\"meta-nav\">&rarr;<\/span><\/a><\/p>\n","protected":false},"author":15476,"featured_media":0,"comment_status":"open","ping_status":"open","sticky":false,"template":"","format":"standard","meta":{"ngg_post_thumbnail":0,"footnotes":""},"categories":[1],"tags":[],"aioseo_notices":[],"_links":{"self":[{"href":"https:\/\/blogsaverroes.juntadeandalucia.es\/ceipva\/wp-json\/wp\/v2\/posts\/6815"}],"collection":[{"href":"https:\/\/blogsaverroes.juntadeandalucia.es\/ceipva\/wp-json\/wp\/v2\/posts"}],"about":[{"href":"https:\/\/blogsaverroes.juntadeandalucia.es\/ceipva\/wp-json\/wp\/v2\/types\/post"}],"author":[{"embeddable":true,"href":"https:\/\/blogsaverroes.juntadeandalucia.es\/ceipva\/wp-json\/wp\/v2\/users\/15476"}],"replies":[{"embeddable":true,"href":"https:\/\/blogsaverroes.juntadeandalucia.es\/ceipva\/wp-json\/wp\/v2\/comments?post=6815"}],"version-history":[{"count":0,"href":"https:\/\/blogsaverroes.juntadeandalucia.es\/ceipva\/wp-json\/wp\/v2\/posts\/6815\/revisions"}],"wp:attachment":[{"href":"https:\/\/blogsaverroes.juntadeandalucia.es\/ceipva\/wp-json\/wp\/v2\/media?parent=6815"}],"wp:term":[{"taxonomy":"category","embeddable":true,"href":"https:\/\/blogsaverroes.juntadeandalucia.es\/ceipva\/wp-json\/wp\/v2\/categories?post=6815"},{"taxonomy":"post_tag","embeddable":true,"href":"https:\/\/blogsaverroes.juntadeandalucia.es\/ceipva\/wp-json\/wp\/v2\/tags?post=6815"}],"curies":[{"name":"wp","href":"https:\/\/api.w.org\/{rel}","templated":true}]}}