{"id":6817,"date":"2016-02-10T01:16:19","date_gmt":"2016-02-09T23:16:19","guid":{"rendered":"https:\/\/ceipva.wordpress.com\/?p=6817"},"modified":"2016-02-10T01:16:19","modified_gmt":"2016-02-09T23:16:19","slug":"nuestro-periodico-el-vicentin","status":"publish","type":"post","link":"https:\/\/blogsaverroes.juntadeandalucia.es\/ceipva\/nuestro-periodico-el-vicentin\/","title":{"rendered":"Nuestro peri\u00f3dico: &#8220;El Vicent\u00edn&#8221;"},"content":{"rendered":"<p>Estimadas familias:<\/p>\n<p>\u00a1Ya falta menos para la publicaci\u00f3n del primer n\u00famero de &#8220;El Vicent\u00edn&#8221;!<\/p>\n<p>Poco a poco vamos insertando los art\u00edculos elaborados por los alumnos de 6\u00ba de primaria y familiariz\u00e1ndonos m\u00e1s con la herramienta inform\u00e1tica para publicar el primer n\u00famero de nuestro peri\u00f3dico.<\/p>\n<p>Con esta herramienta, tenemos muchas ideas que iremos desarrollando para poder aprovechar todas las oportunidades que nos ofrece este medio de comunicaci\u00f3n.<\/p>\n<p>Al ser &#8220;primerizos&#8221; en esta lindes, es posible que en los primeros n\u00fameros podamos tener algunos problemas pero que con el tiempo iremos supliendo. Nuestra idea es imprimir algunos para las aulas y, principalmente, que llegue a toda la Comunidad Educativa de manera digital (blog, m\u00f3vil, IPad&#8230;.).<\/p>\n<p>Atentamente<\/p>\n<p>La Direcci\u00f3n<\/p>\n<p>&nbsp;<\/p>\n","protected":false},"excerpt":{"rendered":"<p>Estimadas familias: \u00a1Ya falta menos para la publicaci\u00f3n del primer n\u00famero de &#8220;El Vicent\u00edn&#8221;! Poco a poco vamos insertando los art\u00edculos elaborados por los alumnos de 6\u00ba de primaria y familiariz\u00e1ndonos m\u00e1s con la herramienta inform\u00e1tica para publicar el primer n\u00famero de nuestro peri\u00f3dico. Con esta herramienta, tenemos muchas ideas que iremos desarrollando para poder &hellip; <a href=\"https:\/\/blogsaverroes.juntadeandalucia.es\/ceipva\/nuestro-periodico-el-vicentin\/\" class=\"more-link\">Seguir leyendo <span class=\"screen-reader-text\">Nuestro peri\u00f3dico: &#8220;El Vicent\u00edn&#8221;<\/span> <span class=\"meta-nav\">&rarr;<\/span><\/a><\/p>\n","protected":false},"author":15476,"featured_media":0,"comment_status":"open","ping_status":"open","sticky":false,"template":"","format":"standard","meta":{"ngg_post_thumbnail":0,"footnotes":""},"categories":[1],"tags":[],"aioseo_notices":[],"_links":{"self":[{"href":"https:\/\/blogsaverroes.juntadeandalucia.es\/ceipva\/wp-json\/wp\/v2\/posts\/6817"}],"collection":[{"href":"https:\/\/blogsaverroes.juntadeandalucia.es\/ceipva\/wp-json\/wp\/v2\/posts"}],"about":[{"href":"https:\/\/blogsaverroes.juntadeandalucia.es\/ceipva\/wp-json\/wp\/v2\/types\/post"}],"author":[{"embeddable":true,"href":"https:\/\/blogsaverroes.juntadeandalucia.es\/ceipva\/wp-json\/wp\/v2\/users\/15476"}],"replies":[{"embeddable":true,"href":"https:\/\/blogsaverroes.juntadeandalucia.es\/ceipva\/wp-json\/wp\/v2\/comments?post=6817"}],"version-history":[{"count":0,"href":"https:\/\/blogsaverroes.juntadeandalucia.es\/ceipva\/wp-json\/wp\/v2\/posts\/6817\/revisions"}],"wp:attachment":[{"href":"https:\/\/blogsaverroes.juntadeandalucia.es\/ceipva\/wp-json\/wp\/v2\/media?parent=6817"}],"wp:term":[{"taxonomy":"category","embeddable":true,"href":"https:\/\/blogsaverroes.juntadeandalucia.es\/ceipva\/wp-json\/wp\/v2\/categories?post=6817"},{"taxonomy":"post_tag","embeddable":true,"href":"https:\/\/blogsaverroes.juntadeandalucia.es\/ceipva\/wp-json\/wp\/v2\/tags?post=6817"}],"curies":[{"name":"wp","href":"https:\/\/api.w.org\/{rel}","templated":true}]}}