{"id":6879,"date":"2016-02-18T12:29:50","date_gmt":"2016-02-18T10:29:50","guid":{"rendered":"https:\/\/ceipva.wordpress.com\/?p=6879"},"modified":"2016-02-18T12:29:50","modified_gmt":"2016-02-18T10:29:50","slug":"escolarizacion-2016-2017","status":"publish","type":"post","link":"https:\/\/blogsaverroes.juntadeandalucia.es\/ceipva\/escolarizacion-2016-2017\/","title":{"rendered":"Escolarizaci\u00f3n 2016-2017"},"content":{"rendered":"<p>Estimadas familias:<\/p>\n<p>El d\u00eda 1 de marzo comenzar\u00e1 el per\u00edodo de escolarizaci\u00f3n para el curso 16-17. A partir de la pr\u00f3xima semana actualizaremos el apartado de escolarizaci\u00f3n en el blog. Este curso, para facilitar la informaci\u00f3n, hemos separado el apartado de escolarizaci\u00f3n del de matriculaci\u00f3n.<\/p>\n<p>Atentamente<\/p>\n<p>La Direcci\u00f3n<\/p>\n","protected":false},"excerpt":{"rendered":"<p>Estimadas familias: El d\u00eda 1 de marzo comenzar\u00e1 el per\u00edodo de escolarizaci\u00f3n para el curso 16-17. A partir de la pr\u00f3xima semana actualizaremos el apartado de escolarizaci\u00f3n en el blog. Este curso, para facilitar la informaci\u00f3n, hemos separado el apartado de escolarizaci\u00f3n del de matriculaci\u00f3n. Atentamente La Direcci\u00f3n<\/p>\n","protected":false},"author":15476,"featured_media":0,"comment_status":"open","ping_status":"open","sticky":false,"template":"","format":"standard","meta":{"ngg_post_thumbnail":0,"footnotes":""},"categories":[1],"tags":[],"aioseo_notices":[],"_links":{"self":[{"href":"https:\/\/blogsaverroes.juntadeandalucia.es\/ceipva\/wp-json\/wp\/v2\/posts\/6879"}],"collection":[{"href":"https:\/\/blogsaverroes.juntadeandalucia.es\/ceipva\/wp-json\/wp\/v2\/posts"}],"about":[{"href":"https:\/\/blogsaverroes.juntadeandalucia.es\/ceipva\/wp-json\/wp\/v2\/types\/post"}],"author":[{"embeddable":true,"href":"https:\/\/blogsaverroes.juntadeandalucia.es\/ceipva\/wp-json\/wp\/v2\/users\/15476"}],"replies":[{"embeddable":true,"href":"https:\/\/blogsaverroes.juntadeandalucia.es\/ceipva\/wp-json\/wp\/v2\/comments?post=6879"}],"version-history":[{"count":0,"href":"https:\/\/blogsaverroes.juntadeandalucia.es\/ceipva\/wp-json\/wp\/v2\/posts\/6879\/revisions"}],"wp:attachment":[{"href":"https:\/\/blogsaverroes.juntadeandalucia.es\/ceipva\/wp-json\/wp\/v2\/media?parent=6879"}],"wp:term":[{"taxonomy":"category","embeddable":true,"href":"https:\/\/blogsaverroes.juntadeandalucia.es\/ceipva\/wp-json\/wp\/v2\/categories?post=6879"},{"taxonomy":"post_tag","embeddable":true,"href":"https:\/\/blogsaverroes.juntadeandalucia.es\/ceipva\/wp-json\/wp\/v2\/tags?post=6879"}],"curies":[{"name":"wp","href":"https:\/\/api.w.org\/{rel}","templated":true}]}}