{"id":6886,"date":"2016-02-18T20:21:35","date_gmt":"2016-02-18T18:21:35","guid":{"rendered":"https:\/\/ceipva.wordpress.com\/?p=6886"},"modified":"2016-02-18T20:21:35","modified_gmt":"2016-02-18T18:21:35","slug":"escolarizacion-16-17","status":"publish","type":"post","link":"https:\/\/blogsaverroes.juntadeandalucia.es\/ceipva\/escolarizacion-16-17\/","title":{"rendered":"Escolarizaci\u00f3n 16-17"},"content":{"rendered":"<p>Buenas tardes:<\/p>\n<p>Como se ha informado en la entrada anterior, ya estamos insertando informaci\u00f3n relacionada con el proceso de escolarizaci\u00f3n. La pr\u00f3xima semana recibiremos toda la informaci\u00f3n desde la Delegaci\u00f3n Provincial y la iremos publicando en los tablones de anuncios y en el blog.<\/p>\n<p>Como en cursos anteriores, se establecer\u00e1 un d\u00eda de atenci\u00f3n a las familias por la tarde en marzo para que ustedes puedan realizar todas las preguntas que estimen oportunas y obtengan respuestas a posibles dudas.<\/p>\n<p>Atentamente<\/p>\n<p>La Direcci\u00f3n<\/p>\n","protected":false},"excerpt":{"rendered":"<p>Buenas tardes: Como se ha informado en la entrada anterior, ya estamos insertando informaci\u00f3n relacionada con el proceso de escolarizaci\u00f3n. La pr\u00f3xima semana recibiremos toda la informaci\u00f3n desde la Delegaci\u00f3n Provincial y la iremos publicando en los tablones de anuncios y en el blog. Como en cursos anteriores, se establecer\u00e1 un d\u00eda de atenci\u00f3n a &hellip; <a href=\"https:\/\/blogsaverroes.juntadeandalucia.es\/ceipva\/escolarizacion-16-17\/\" class=\"more-link\">Seguir leyendo <span class=\"screen-reader-text\">Escolarizaci\u00f3n 16-17<\/span> <span class=\"meta-nav\">&rarr;<\/span><\/a><\/p>\n","protected":false},"author":15476,"featured_media":0,"comment_status":"open","ping_status":"open","sticky":false,"template":"","format":"standard","meta":{"ngg_post_thumbnail":0,"footnotes":""},"categories":[1],"tags":[],"aioseo_notices":[],"_links":{"self":[{"href":"https:\/\/blogsaverroes.juntadeandalucia.es\/ceipva\/wp-json\/wp\/v2\/posts\/6886"}],"collection":[{"href":"https:\/\/blogsaverroes.juntadeandalucia.es\/ceipva\/wp-json\/wp\/v2\/posts"}],"about":[{"href":"https:\/\/blogsaverroes.juntadeandalucia.es\/ceipva\/wp-json\/wp\/v2\/types\/post"}],"author":[{"embeddable":true,"href":"https:\/\/blogsaverroes.juntadeandalucia.es\/ceipva\/wp-json\/wp\/v2\/users\/15476"}],"replies":[{"embeddable":true,"href":"https:\/\/blogsaverroes.juntadeandalucia.es\/ceipva\/wp-json\/wp\/v2\/comments?post=6886"}],"version-history":[{"count":0,"href":"https:\/\/blogsaverroes.juntadeandalucia.es\/ceipva\/wp-json\/wp\/v2\/posts\/6886\/revisions"}],"wp:attachment":[{"href":"https:\/\/blogsaverroes.juntadeandalucia.es\/ceipva\/wp-json\/wp\/v2\/media?parent=6886"}],"wp:term":[{"taxonomy":"category","embeddable":true,"href":"https:\/\/blogsaverroes.juntadeandalucia.es\/ceipva\/wp-json\/wp\/v2\/categories?post=6886"},{"taxonomy":"post_tag","embeddable":true,"href":"https:\/\/blogsaverroes.juntadeandalucia.es\/ceipva\/wp-json\/wp\/v2\/tags?post=6886"}],"curies":[{"name":"wp","href":"https:\/\/api.w.org\/{rel}","templated":true}]}}