{"id":835,"date":"2011-04-12T16:39:08","date_gmt":"2011-04-12T16:39:08","guid":{"rendered":"http:\/\/ceipva.wordpress.com\/?p=835"},"modified":"2011-04-12T16:39:08","modified_gmt":"2011-04-12T16:39:08","slug":"granja-escuela-primaria-dia-1","status":"publish","type":"post","link":"https:\/\/blogsaverroes.juntadeandalucia.es\/ceipva\/granja-escuela-primaria-dia-1\/","title":{"rendered":"Granja Escuela Primaria: D\u00eda 1"},"content":{"rendered":"<p>Estimadas familias:<\/p>\n<p>Nuestros alumnos y alumnas est\u00e1n disfrutando de un estupendo d\u00eda en las instalaciones del &#8220;Remolino&#8221;. Durante la tarde han disfrutado de actividades\/talleres y de una merecida merienda en un habitat espectacular y con una meteorolog\u00eda envidiable. Pronto se preparar\u00e1n para la &#8220;velada&#8221; (&#8220;os ruego a los padres y a las madres que descans\u00e9is esta noche). <\/p>\n<p>\u00a1Qu\u00e9 siga la diversi\u00f3n de vuestros hijos e hijas!<\/p>\n<p>Atentamente<\/p>\n<p>La Direcci\u00f3n (&#8220;informaci\u00f3n conseguida v\u00eda telef\u00f3nica&#8221;).<\/p>\n","protected":false},"excerpt":{"rendered":"<p>Estimadas familias: Nuestros alumnos y alumnas est\u00e1n disfrutando de un estupendo d\u00eda en las instalaciones del &#8220;Remolino&#8221;. Durante la tarde han disfrutado de actividades\/talleres y de una merecida merienda en un habitat espectacular y con una meteorolog\u00eda envidiable. Pronto se preparar\u00e1n para la &#8220;velada&#8221; (&#8220;os ruego a los padres y a las madres que descans\u00e9is &hellip; <a href=\"https:\/\/blogsaverroes.juntadeandalucia.es\/ceipva\/granja-escuela-primaria-dia-1\/\" class=\"more-link\">Seguir leyendo <span class=\"screen-reader-text\">Granja Escuela Primaria: D\u00eda 1<\/span> <span class=\"meta-nav\">&rarr;<\/span><\/a><\/p>\n","protected":false},"author":15476,"featured_media":0,"comment_status":"open","ping_status":"open","sticky":false,"template":"","format":"standard","meta":{"ngg_post_thumbnail":0,"footnotes":""},"categories":[1],"tags":[],"aioseo_notices":[],"_links":{"self":[{"href":"https:\/\/blogsaverroes.juntadeandalucia.es\/ceipva\/wp-json\/wp\/v2\/posts\/835"}],"collection":[{"href":"https:\/\/blogsaverroes.juntadeandalucia.es\/ceipva\/wp-json\/wp\/v2\/posts"}],"about":[{"href":"https:\/\/blogsaverroes.juntadeandalucia.es\/ceipva\/wp-json\/wp\/v2\/types\/post"}],"author":[{"embeddable":true,"href":"https:\/\/blogsaverroes.juntadeandalucia.es\/ceipva\/wp-json\/wp\/v2\/users\/15476"}],"replies":[{"embeddable":true,"href":"https:\/\/blogsaverroes.juntadeandalucia.es\/ceipva\/wp-json\/wp\/v2\/comments?post=835"}],"version-history":[{"count":0,"href":"https:\/\/blogsaverroes.juntadeandalucia.es\/ceipva\/wp-json\/wp\/v2\/posts\/835\/revisions"}],"wp:attachment":[{"href":"https:\/\/blogsaverroes.juntadeandalucia.es\/ceipva\/wp-json\/wp\/v2\/media?parent=835"}],"wp:term":[{"taxonomy":"category","embeddable":true,"href":"https:\/\/blogsaverroes.juntadeandalucia.es\/ceipva\/wp-json\/wp\/v2\/categories?post=835"},{"taxonomy":"post_tag","embeddable":true,"href":"https:\/\/blogsaverroes.juntadeandalucia.es\/ceipva\/wp-json\/wp\/v2\/tags?post=835"}],"curies":[{"name":"wp","href":"https:\/\/api.w.org\/{rel}","templated":true}]}}