{"id":909,"date":"2011-04-25T19:10:07","date_gmt":"2011-04-25T19:10:07","guid":{"rendered":"http:\/\/ceipva.wordpress.com\/?p=909"},"modified":"2011-04-25T19:10:07","modified_gmt":"2011-04-25T19:10:07","slug":"dias-festivos-feria","status":"publish","type":"post","link":"https:\/\/blogsaverroes.juntadeandalucia.es\/ceipva\/dias-festivos-feria\/","title":{"rendered":"D\u00cdAS FESTIVOS FERIA"},"content":{"rendered":"<p>Estimadas familias:    <a href=\"http:\/\/ceipva.files.wordpress.com\/2011\/04\/feria.jpeg\"><img loading=\"lazy\" decoding=\"async\" src=\"http:\/\/ceipva.files.wordpress.com\/2011\/04\/feria.jpeg\" alt=\"\" title=\"Feria\" width=\"94\" height=\"94\" class=\"alignright size-full wp-image-910\" \/><\/a><\/p>\n<p>La pr\u00f3xima semana ser\u00e1n lectivos el martes, mi\u00e9rcoles y el jueves (lunes 2 de mayo, &#8220;D\u00eda del Trabajo&#8221; y viernes 6 de mayo &#8220;D\u00eda de Libre Disposici\u00f3n&#8221;).<\/p>\n<p>Para ver la informaci\u00f3n de los d\u00edas festivos del curso escolar pueden ir a la pesta\u00f1a: &#8220;Calendario Escolar&#8221;.<\/p>\n<p>Atentamente<\/p>\n<p>La Direcci\u00f3n<\/p>\n","protected":false},"excerpt":{"rendered":"<p>Estimadas familias: La pr\u00f3xima semana ser\u00e1n lectivos el martes, mi\u00e9rcoles y el jueves (lunes 2 de mayo, &#8220;D\u00eda del Trabajo&#8221; y viernes 6 de mayo &#8220;D\u00eda de Libre Disposici\u00f3n&#8221;). Para ver la informaci\u00f3n de los d\u00edas festivos del curso escolar pueden ir a la pesta\u00f1a: &#8220;Calendario Escolar&#8221;. Atentamente La Direcci\u00f3n<\/p>\n","protected":false},"author":15476,"featured_media":0,"comment_status":"open","ping_status":"open","sticky":false,"template":"","format":"standard","meta":{"ngg_post_thumbnail":0,"footnotes":""},"categories":[1],"tags":[],"aioseo_notices":[],"_links":{"self":[{"href":"https:\/\/blogsaverroes.juntadeandalucia.es\/ceipva\/wp-json\/wp\/v2\/posts\/909"}],"collection":[{"href":"https:\/\/blogsaverroes.juntadeandalucia.es\/ceipva\/wp-json\/wp\/v2\/posts"}],"about":[{"href":"https:\/\/blogsaverroes.juntadeandalucia.es\/ceipva\/wp-json\/wp\/v2\/types\/post"}],"author":[{"embeddable":true,"href":"https:\/\/blogsaverroes.juntadeandalucia.es\/ceipva\/wp-json\/wp\/v2\/users\/15476"}],"replies":[{"embeddable":true,"href":"https:\/\/blogsaverroes.juntadeandalucia.es\/ceipva\/wp-json\/wp\/v2\/comments?post=909"}],"version-history":[{"count":0,"href":"https:\/\/blogsaverroes.juntadeandalucia.es\/ceipva\/wp-json\/wp\/v2\/posts\/909\/revisions"}],"wp:attachment":[{"href":"https:\/\/blogsaverroes.juntadeandalucia.es\/ceipva\/wp-json\/wp\/v2\/media?parent=909"}],"wp:term":[{"taxonomy":"category","embeddable":true,"href":"https:\/\/blogsaverroes.juntadeandalucia.es\/ceipva\/wp-json\/wp\/v2\/categories?post=909"},{"taxonomy":"post_tag","embeddable":true,"href":"https:\/\/blogsaverroes.juntadeandalucia.es\/ceipva\/wp-json\/wp\/v2\/tags?post=909"}],"curies":[{"name":"wp","href":"https:\/\/api.w.org\/{rel}","templated":true}]}}