{"id":1628,"date":"2024-10-04T06:59:23","date_gmt":"2024-10-04T06:59:23","guid":{"rendered":"https:\/\/blogsaverroes.juntadeandalucia.es\/ceipvaldeolletas\/?p=1628"},"modified":"2024-10-04T19:54:00","modified_gmt":"2024-10-04T19:54:00","slug":"que-forma-tenian-las-primeras-serpientes","status":"publish","type":"post","link":"https:\/\/blogsaverroes.juntadeandalucia.es\/ceipvaldeolletas\/que-forma-tenian-las-primeras-serpientes\/","title":{"rendered":"Elecciones Consejo Escolar 2024"},"content":{"rendered":"<p style=\"text-align: center\"><a href=\"https:\/\/blogsaverroes.juntadeandalucia.es\/ceipvaldeolletas\/files\/2015\/03\/lapices3.jpg\"><img loading=\"lazy\" decoding=\"async\" class=\"alignnone size-medium wp-image-569\" src=\"https:\/\/blogsaverroes.juntadeandalucia.es\/ceipvaldeolletas\/files\/2015\/03\/lapices3-300x199.jpg\" alt=\"\" width=\"300\" height=\"199\" srcset=\"https:\/\/blogsaverroes.juntadeandalucia.es\/ceipvaldeolletas\/files\/2015\/03\/lapices3-300x199.jpg 300w, https:\/\/blogsaverroes.juntadeandalucia.es\/ceipvaldeolletas\/files\/2015\/03\/lapices3-1024x682.jpg 1024w, https:\/\/blogsaverroes.juntadeandalucia.es\/ceipvaldeolletas\/files\/2015\/03\/lapices3.jpg 1280w\" sizes=\"(max-width: 300px) 100vw, 300px\" \/><\/a><\/p>\n<h2 style=\"text-align: center\"><span style=\"color: #ff0000\">ELECCIONES CONSEJO ESCOLAR 2024<\/span><\/h2>\n<p>&nbsp;<\/p>\n<p style=\"text-align: justify\"><span style=\"font-size: 16px;color: #266a8c\">La RESOLUCI\u00d3N de 6 de septiembre de 2024, de la Direcci\u00f3n General de Participaci\u00f3n e Inclusi\u00f3n Educativa establece el calendario para el desarrollo de las elecciones de representantes en los Consejos Escolares de los centros docentes sostenidos con fondos p\u00fablicos de la Comunidad Aut\u00f3noma de Andaluc\u00eda, a excepci\u00f3n de los centros espec\u00edficos de educaci\u00f3n permanente de personas adultas para el curso 2024\/2025.<\/span><\/p>\n<p style=\"text-align: justify\">&nbsp;<\/p>\n<p style=\"text-align: justify\"><span style=\"font-size: 16px;color: #266a8c\"><img loading=\"lazy\" decoding=\"async\" id=\"mce-10429\" class=\"image-block caption-over-image mceImage aligncenter\" src=\"https:\/\/pleskw2012-3.axarnet.es:8443\/sitebuilder\/sites\/c9\/c98fb054543d1d5e3734d7c12c1dfe47\/attachments\/Image\/linea_de_tiempo_elecciones_consejos_escolares_2024_page-0001.jpg?1728070264846\" alt=\"\" width=\"500\" height=\"707\"><\/span><\/p>\n<p style=\"text-align: justify\"><span style=\"font-size: 18px;font-weight: bold;color: #f33535\"><img loading=\"lazy\" decoding=\"async\" id=\"mce-10554\" class=\"image-block caption-over-image mceImage aligncenter\" src=\"https:\/\/pleskw2012-3.axarnet.es:8443\/sitebuilder\/sites\/c9\/c98fb054543d1d5e3734d7c12c1dfe47\/attachments\/Image\/linea_de_tiempo_elecciones_consejos_escolares_2024_page-0002.jpg?1728070264846\" alt=\"\" width=\"500\" height=\"707\"><\/span><\/p>\n<p>&nbsp;<\/p>\n<p style=\"text-align: justify\"><span style=\"font-size: 18px;font-weight: bold;color: #f33535\">&#8211; <\/span><span style=\"font-size: 18px;font-weight: bold;color: #f33535\"><a class=\" link\" href=\"http:\/\/ceipvaldeolletasmarbella.es\/data\/documents\/Calendario-de-las-elecciones-a-consejos-escolares-2024.pdf\">Calendario Elecciones Consejos Escolares.<\/a><\/span><\/p>\n<p style=\"text-align: justify\"><span style=\"font-size: 18px;font-weight: bold;color: #f33535\">&#8211;&nbsp;<a class=\" link\" href=\"http:\/\/ceipvaldeolletasmarbella.es\/data\/documents\/linea_de_tiempo_elecciones_consejos_escolares_2024.pdf\">L\u00ednea del tiempo Elecciones CE 2024.<\/a><\/span><\/p>\n<p style=\"text-align: justify\"><span style=\"font-size: 18px;font-weight: bold;color: #f33535\">&#8211;<a class=\" link\" href=\"http:\/\/ceipvaldeolletasmarbella.es\/data\/documents\/Folleto-triptico-Voto-Electronico.pdf\">&nbsp;Tr\u00edptico Voto electr\u00f3nico.<\/a><\/span><\/p>\n<p style=\"text-align: justify\">&nbsp;<\/p>\n<p style=\"text-align: justify\">&nbsp;<\/p>\n<p style=\"text-align: center\"><img loading=\"lazy\" decoding=\"async\" id=\"mce-10250\" class=\"image-block caption-over-image mceImage\" src=\"https:\/\/pleskw2012-3.axarnet.es:8443\/sitebuilder\/sites\/c9\/c98fb054543d1d5e3734d7c12c1dfe47\/attachments\/Image\/Folleto-triptico-Voto-Electronico_page-0001.jpg?1728070264846\" alt=\"\" width=\"500\" height=\"354\"><\/p>\n<p style=\"text-align: center\"><img loading=\"lazy\" decoding=\"async\" id=\"mce-10338\" class=\"image-block caption-over-image mceImage\" src=\"https:\/\/pleskw2012-3.axarnet.es:8443\/sitebuilder\/sites\/c9\/c98fb054543d1d5e3734d7c12c1dfe47\/attachments\/Image\/Folleto-triptico-Voto-Electronico_page-0002.jpg?1728070264846\" alt=\"\" width=\"500\" height=\"354\"><\/p>\n<p>&nbsp;<\/p>\n","protected":false},"excerpt":{"rendered":"<p>ELECCIONES CONSEJO ESCOLAR 2024 &nbsp; La RESOLUCI\u00d3N de 6 de septiembre de 2024, de la Direcci\u00f3n General de Participaci\u00f3n e Inclusi\u00f3n Educativa establece el calendario para el desarrollo de las elecciones de representantes en&#46;&#46;&#46;<\/p>\n","protected":false},"author":1,"featured_media":2557,"comment_status":"open","ping_status":"open","sticky":false,"template":"","format":"standard","meta":{"ngg_post_thumbnail":0,"footnotes":""},"categories":[25490,25494],"tags":[],"aioseo_notices":[],"_links":{"self":[{"href":"https:\/\/blogsaverroes.juntadeandalucia.es\/ceipvaldeolletas\/wp-json\/wp\/v2\/posts\/1628"}],"collection":[{"href":"https:\/\/blogsaverroes.juntadeandalucia.es\/ceipvaldeolletas\/wp-json\/wp\/v2\/posts"}],"about":[{"href":"https:\/\/blogsaverroes.juntadeandalucia.es\/ceipvaldeolletas\/wp-json\/wp\/v2\/types\/post"}],"author":[{"embeddable":true,"href":"https:\/\/blogsaverroes.juntadeandalucia.es\/ceipvaldeolletas\/wp-json\/wp\/v2\/users\/1"}],"replies":[{"embeddable":true,"href":"https:\/\/blogsaverroes.juntadeandalucia.es\/ceipvaldeolletas\/wp-json\/wp\/v2\/comments?post=1628"}],"version-history":[{"count":7,"href":"https:\/\/blogsaverroes.juntadeandalucia.es\/ceipvaldeolletas\/wp-json\/wp\/v2\/posts\/1628\/revisions"}],"predecessor-version":[{"id":2556,"href":"https:\/\/blogsaverroes.juntadeandalucia.es\/ceipvaldeolletas\/wp-json\/wp\/v2\/posts\/1628\/revisions\/2556"}],"wp:featuredmedia":[{"embeddable":true,"href":"https:\/\/blogsaverroes.juntadeandalucia.es\/ceipvaldeolletas\/wp-json\/wp\/v2\/media\/2557"}],"wp:attachment":[{"href":"https:\/\/blogsaverroes.juntadeandalucia.es\/ceipvaldeolletas\/wp-json\/wp\/v2\/media?parent=1628"}],"wp:term":[{"taxonomy":"category","embeddable":true,"href":"https:\/\/blogsaverroes.juntadeandalucia.es\/ceipvaldeolletas\/wp-json\/wp\/v2\/categories?post=1628"},{"taxonomy":"post_tag","embeddable":true,"href":"https:\/\/blogsaverroes.juntadeandalucia.es\/ceipvaldeolletas\/wp-json\/wp\/v2\/tags?post=1628"}],"curies":[{"name":"wp","href":"https:\/\/api.w.org\/{rel}","templated":true}]}}