{"id":5570,"date":"2024-05-11T17:15:22","date_gmt":"2024-05-11T17:15:22","guid":{"rendered":"https:\/\/blogsaverroes.juntadeandalucia.es\/ceipvaldesleal\/?p=5570"},"modified":"2024-05-11T17:21:02","modified_gmt":"2024-05-11T17:21:02","slug":"informacion-escuela-de-verano","status":"publish","type":"post","link":"https:\/\/blogsaverroes.juntadeandalucia.es\/ceipvaldesleal\/2024\/05\/11\/informacion-escuela-de-verano\/","title":{"rendered":"INFORMACI\u00d3N ESCUELA DE VERANO"},"content":{"rendered":"<p>Estimadas familias del CEIP Vald\u00e9s Leal:<\/p>\n<p>Os pasamos informaci\u00f3n sobre la Escuela de Verano 2024:<\/p>\n<p><em>Se presenta el verano y desde la AMPA Vald\u00e9s Leal un a\u00f1o m\u00e1s cuenta con los servicios de CARRILES Animaci\u00f3n y Aventura para llevar a cabo el servicio de Summer School 2024 (Escuela de Verano) por lo que si est\u00e1n interesados en contratar el servicio, deben saber que el alumnado de nuestro centro tiene prioridad hasta el 30 de abril, as\u00ed como los socios de la AMPA y hermanos tienen descuentos en las cuotas. A partir del 1 de mayo las plazas que queden libres se ofertar\u00e1n a menores del barrio.Nos hacen saber que las plazas se agotan cada a\u00f1o, por lo que no dejen escapar la oportunidad.<\/em><\/p>\n<p><em>M\u00e1s informaci\u00f3n en:&nbsp;<a href=\"https:\/\/carriles.es\/summer-school\/\" data-saferedirecturl=\"https:\/\/www.google.com\/url?q=https:\/\/carriles.es\/summer-school\/&amp;source=gmail&amp;ust=1714116559588000&amp;usg=AOvVaw1otfU1KHh_4XlLv5Az7BHA\">https:\/\/carriles.es\/summer-school\/<\/a><\/em><\/p>\n","protected":false},"excerpt":{"rendered":"<p>Estimadas familias del CEIP Vald\u00e9s Leal: Os pasamos informaci\u00f3n sobre la Escuela de Verano 2024: Se presenta el verano y desde la AMPA Vald\u00e9s Leal un a\u00f1o m\u00e1s cuenta con los servicios de CARRILES Animaci\u00f3n y Aventura para llevar a cabo el servicio de Summer School 2024 (Escuela de Verano) por lo que si est\u00e1n &hellip; <\/p>\n<p><a class=\"more-link btn\" href=\"https:\/\/blogsaverroes.juntadeandalucia.es\/ceipvaldesleal\/2024\/05\/11\/informacion-escuela-de-verano\/\">Seguir leyendo<\/a><\/p>\n","protected":false},"author":1975,"featured_media":0,"comment_status":"open","ping_status":"open","sticky":false,"template":"","format":"standard","meta":{"ngg_post_thumbnail":0,"footnotes":""},"categories":[5991,25494,25495,25496,25498,11909],"tags":[],"aioseo_notices":[],"_links":{"self":[{"href":"https:\/\/blogsaverroes.juntadeandalucia.es\/ceipvaldesleal\/wp-json\/wp\/v2\/posts\/5570"}],"collection":[{"href":"https:\/\/blogsaverroes.juntadeandalucia.es\/ceipvaldesleal\/wp-json\/wp\/v2\/posts"}],"about":[{"href":"https:\/\/blogsaverroes.juntadeandalucia.es\/ceipvaldesleal\/wp-json\/wp\/v2\/types\/post"}],"author":[{"embeddable":true,"href":"https:\/\/blogsaverroes.juntadeandalucia.es\/ceipvaldesleal\/wp-json\/wp\/v2\/users\/1975"}],"replies":[{"embeddable":true,"href":"https:\/\/blogsaverroes.juntadeandalucia.es\/ceipvaldesleal\/wp-json\/wp\/v2\/comments?post=5570"}],"version-history":[{"count":1,"href":"https:\/\/blogsaverroes.juntadeandalucia.es\/ceipvaldesleal\/wp-json\/wp\/v2\/posts\/5570\/revisions"}],"predecessor-version":[{"id":5571,"href":"https:\/\/blogsaverroes.juntadeandalucia.es\/ceipvaldesleal\/wp-json\/wp\/v2\/posts\/5570\/revisions\/5571"}],"wp:attachment":[{"href":"https:\/\/blogsaverroes.juntadeandalucia.es\/ceipvaldesleal\/wp-json\/wp\/v2\/media?parent=5570"}],"wp:term":[{"taxonomy":"category","embeddable":true,"href":"https:\/\/blogsaverroes.juntadeandalucia.es\/ceipvaldesleal\/wp-json\/wp\/v2\/categories?post=5570"},{"taxonomy":"post_tag","embeddable":true,"href":"https:\/\/blogsaverroes.juntadeandalucia.es\/ceipvaldesleal\/wp-json\/wp\/v2\/tags?post=5570"}],"curies":[{"name":"wp","href":"https:\/\/api.w.org\/{rel}","templated":true}]}}