{"id":1285,"date":"2016-11-11T20:49:00","date_gmt":"2016-11-11T20:49:00","guid":{"rendered":"https:\/\/blogsaverroes.juntadeandalucia.es\/pre\/ceipvalerianolopez\/2016\/11\/11\/taller-de-risoterapia\/"},"modified":"2016-11-11T20:49:00","modified_gmt":"2016-11-11T20:49:00","slug":"taller-de-risoterapia","status":"publish","type":"post","link":"https:\/\/blogsaverroes.juntadeandalucia.es\/ceipvalerianolopez\/taller-de-risoterapia\/","title":{"rendered":"Taller de Risoterapia"},"content":{"rendered":"<div style=\"clear: both;text-align: justify\">Durante estas semanas los alumnos y las maestras de infantil est\u00e1n trabajando un proyecto sobre las emociones cuyo eje vertebrador es el cuento \u201cEl monstruo de los colores\u201d.<\/div>\n<div style=\"clear: both;text-align: justify\"><\/div>\n<div style=\"clear: both;text-align: justify\">Esta semana la emoci\u00f3n trabajada es la alegr\u00eda, y entre otras actividades y recursos realizados han finalizado la semana con un Taller de Risoterapia.<\/div>\n<div style=\"clear: both;text-align: justify\"><\/div>\n<div style=\"clear: both;text-align: justify\">En el siguiente v\u00eddeo, realizado por el maestro Jos\u00e9 podr\u00e9is apreciar esta fant\u00e1stica herramienta emocional; adem\u00e1s, de su importancia y extensos beneficios.<\/div>\n<div style=\"clear: both\"><\/div>\n<div style=\"text-align: justify\"><\/div>\n<div style=\"text-align: center\"><iframe loading=\"lazy\" src=\"https:\/\/www.youtube.com\/embed\/rcfKqx0r6kk?feature=player_embedded\" width=\"480\" height=\"300\" frameborder=\"0\"><\/iframe><\/div>\n<p>Si quer\u00e9is conocer el cuento del \u00abMonstruo de los Colores\u00bb pod\u00e9is pinchar en el siguiente v\u00eddeo:<\/p>\n<div style=\"text-align: center\"><iframe loading=\"lazy\" src=\"https:\/\/www.youtube.com\/embed\/S-PTa20NNrI?feature=player_embedded\" width=\"320\" height=\"266\" frameborder=\"0\"><\/iframe><\/div>\n<p>&nbsp;\t\t<\/p>\n","protected":false},"excerpt":{"rendered":"<p>Durante estas semanas los alumnos y las maestras de infantil est\u00e1n trabajando un proyecto sobre las emociones cuyo eje vertebrador es el cuento \u201cEl monstruo&hellip;<\/p>\n","protected":false},"author":8377,"featured_media":0,"comment_status":"open","ping_status":"open","sticky":false,"template":"","format":"standard","meta":{"ngg_post_thumbnail":0,"footnotes":""},"categories":[1029588],"tags":[1852,5625,1818291],"aioseo_notices":[],"_links":{"self":[{"href":"https:\/\/blogsaverroes.juntadeandalucia.es\/ceipvalerianolopez\/wp-json\/wp\/v2\/posts\/1285"}],"collection":[{"href":"https:\/\/blogsaverroes.juntadeandalucia.es\/ceipvalerianolopez\/wp-json\/wp\/v2\/posts"}],"about":[{"href":"https:\/\/blogsaverroes.juntadeandalucia.es\/ceipvalerianolopez\/wp-json\/wp\/v2\/types\/post"}],"author":[{"embeddable":true,"href":"https:\/\/blogsaverroes.juntadeandalucia.es\/ceipvalerianolopez\/wp-json\/wp\/v2\/users\/8377"}],"replies":[{"embeddable":true,"href":"https:\/\/blogsaverroes.juntadeandalucia.es\/ceipvalerianolopez\/wp-json\/wp\/v2\/comments?post=1285"}],"version-history":[{"count":0,"href":"https:\/\/blogsaverroes.juntadeandalucia.es\/ceipvalerianolopez\/wp-json\/wp\/v2\/posts\/1285\/revisions"}],"wp:attachment":[{"href":"https:\/\/blogsaverroes.juntadeandalucia.es\/ceipvalerianolopez\/wp-json\/wp\/v2\/media?parent=1285"}],"wp:term":[{"taxonomy":"category","embeddable":true,"href":"https:\/\/blogsaverroes.juntadeandalucia.es\/ceipvalerianolopez\/wp-json\/wp\/v2\/categories?post=1285"},{"taxonomy":"post_tag","embeddable":true,"href":"https:\/\/blogsaverroes.juntadeandalucia.es\/ceipvalerianolopez\/wp-json\/wp\/v2\/tags?post=1285"}],"curies":[{"name":"wp","href":"https:\/\/api.w.org\/{rel}","templated":true}]}}