{"id":1351,"date":"2020-03-03T10:49:38","date_gmt":"2020-03-03T09:49:38","guid":{"rendered":"https:\/\/blogsaverroes.juntadeandalucia.es\/ceipvalerianolopez\/?p=1351"},"modified":"2020-03-03T13:16:57","modified_gmt":"2020-03-03T12:16:57","slug":"periodo-de-admision","status":"publish","type":"post","link":"https:\/\/blogsaverroes.juntadeandalucia.es\/ceipvalerianolopez\/periodo-de-admision\/","title":{"rendered":"Periodo de admisi\u00f3n"},"content":{"rendered":"<p><img loading=\"lazy\" decoding=\"async\" class=\"wp-image-1347 aligncenter\" src=\"https:\/\/blogsaverroes.juntadeandalucia.es\/ceipvalerianolopez\/files\/2020\/03\/descarga-300x76.png\" alt=\"\" width=\"647\" height=\"164\" srcset=\"https:\/\/blogsaverroes.juntadeandalucia.es\/ceipvalerianolopez\/files\/2020\/03\/descarga-300x76.png 300w, https:\/\/blogsaverroes.juntadeandalucia.es\/ceipvalerianolopez\/files\/2020\/03\/descarga-768x195.png 768w, https:\/\/blogsaverroes.juntadeandalucia.es\/ceipvalerianolopez\/files\/2020\/03\/descarga-24x6.png 24w, https:\/\/blogsaverroes.juntadeandalucia.es\/ceipvalerianolopez\/files\/2020\/03\/descarga-36x9.png 36w, https:\/\/blogsaverroes.juntadeandalucia.es\/ceipvalerianolopez\/files\/2020\/03\/descarga-48x12.png 48w, https:\/\/blogsaverroes.juntadeandalucia.es\/ceipvalerianolopez\/files\/2020\/03\/descarga.png 991w\" sizes=\"(max-width: 647px) 100vw, 647px\" \/><\/p>\n<p>La Consejer\u00eda de Educaci\u00f3n, ha convocado el procedimiento de admisi\u00f3n del alumnado en los centros docentes p\u00fablicos y privados concertados, para cursar las ense\u00f1anzas de segundo ciclo de educaci\u00f3n infantil, educaci\u00f3n primaria, educaci\u00f3n especial, educaci\u00f3n secundaria obligatoria y bachillerato para el curso escolar 2020\/21.<\/p>\n<p>Este proceso est\u00e1 dirigido a quienes&nbsp;<u>se incorporan por primera vez al sistema educativo<\/u>, tanto en centros p\u00fablicos como privados concertados,&nbsp;<u>as\u00ed como al alumnado que desee cambiar de centro escolar.<\/u><\/p>\n<p>&nbsp;<\/p>\n<p><strong>Plazo de presentaci\u00f3n de solicitudes:&nbsp;<\/strong>del 1 al 31 de marzo del presente a\u00f1o.<\/p>\n<p>Nuestro centro est\u00e1 adscrito al IES Monterroso junto a los siguientes centros:<\/p>\n<ul>\n<li>CEIP Santo Tom\u00e1s de Aquino<\/li>\n<li>CEIP Sim\u00f3n Fern\u00e1ndez,<\/li>\n<li>CEIP Garc\u00eda Lorca,<\/li>\n<\/ul>\n<p>El alumnado de estos Centros que finaliza su etapa de primaria <strong>NO TENDR\u00c1N que solicitar plaza<\/strong> en este procedimiento en su acceso a Secundaria, dado que tienen un puesto garantizado en el IES Monterroso por estar adscritos.<\/p>\n<p>&nbsp;<\/p>\n<p><strong>Enlaces de inter\u00e9s:<\/strong><\/p>\n<ul>\n<li><a href=\"http:\/\/www.juntadeandalucia.es\/educacion\/portals\/web\/escolarizacion\/infantil-a-bachillerato\/calendario\">Calendario del procedimiento de escolarizaci\u00f3n.<\/a><\/li>\n<li><a href=\"http:\/\/www.juntadeandalucia.es\/educacion\/portals\/web\/escolarizacion\/inicio\">Portal de Escolarizaci\u00f3n.<\/a><\/li>\n<li><a href=\"http:\/\/www.juntadeandalucia.es\/educacion\/portals\/delegate\/content\/7e1d7b27-eaa4-42e7-bfa3-ac436db80ed6\/ANEXO%20III\">Impreso de solicitud.<\/a><\/li>\n<li><a href=\"http:\/\/www.juntadeandalucia.es\/educacion\/portals\/web\/escolarizacion\/infantil-a-bachillerato\/normativa\">Normativa de referencia.<\/a><\/li>\n<li><a href=\"https:\/\/www.juntadeandalucia.es\/educacion\/secretariavirtual\/accesoTramite\/439\/\">Acceso telem\u00e1tico a la Admisi\u00f3n en centros docentes p\u00fablicos y privados concertados<\/a><\/li>\n<\/ul>\n<p>&nbsp;<\/p>\n<p>Esta informaci\u00f3n y las actualizaciones sobre el periodo de admisi\u00f3n y tr\u00e1nsito podr\u00e1s encontrarla en <a href=\"https:\/\/blogsaverroes.juntadeandalucia.es\/ceipvalerianolopez\/escolarizacion\/admision\/transito\/\">nuestra WEB en la secci\u00f3n de secretar\u00eda&nbsp;<\/a><\/p>\n<p>&nbsp;<\/p>\n","protected":false},"excerpt":{"rendered":"<p>La Consejer\u00eda de Educaci\u00f3n, ha convocado el procedimiento de admisi\u00f3n del alumnado en los centros docentes p\u00fablicos y privados concertados, para cursar las ense\u00f1anzas de&hellip;<\/p>\n","protected":false},"author":8377,"featured_media":1347,"comment_status":"open","ping_status":"open","sticky":false,"template":"","format":"standard","meta":{"ngg_post_thumbnail":0,"footnotes":""},"categories":[4441],"tags":[],"aioseo_notices":[],"_links":{"self":[{"href":"https:\/\/blogsaverroes.juntadeandalucia.es\/ceipvalerianolopez\/wp-json\/wp\/v2\/posts\/1351"}],"collection":[{"href":"https:\/\/blogsaverroes.juntadeandalucia.es\/ceipvalerianolopez\/wp-json\/wp\/v2\/posts"}],"about":[{"href":"https:\/\/blogsaverroes.juntadeandalucia.es\/ceipvalerianolopez\/wp-json\/wp\/v2\/types\/post"}],"author":[{"embeddable":true,"href":"https:\/\/blogsaverroes.juntadeandalucia.es\/ceipvalerianolopez\/wp-json\/wp\/v2\/users\/8377"}],"replies":[{"embeddable":true,"href":"https:\/\/blogsaverroes.juntadeandalucia.es\/ceipvalerianolopez\/wp-json\/wp\/v2\/comments?post=1351"}],"version-history":[{"count":1,"href":"https:\/\/blogsaverroes.juntadeandalucia.es\/ceipvalerianolopez\/wp-json\/wp\/v2\/posts\/1351\/revisions"}],"predecessor-version":[{"id":1352,"href":"https:\/\/blogsaverroes.juntadeandalucia.es\/ceipvalerianolopez\/wp-json\/wp\/v2\/posts\/1351\/revisions\/1352"}],"wp:featuredmedia":[{"embeddable":true,"href":"https:\/\/blogsaverroes.juntadeandalucia.es\/ceipvalerianolopez\/wp-json\/wp\/v2\/media\/1347"}],"wp:attachment":[{"href":"https:\/\/blogsaverroes.juntadeandalucia.es\/ceipvalerianolopez\/wp-json\/wp\/v2\/media?parent=1351"}],"wp:term":[{"taxonomy":"category","embeddable":true,"href":"https:\/\/blogsaverroes.juntadeandalucia.es\/ceipvalerianolopez\/wp-json\/wp\/v2\/categories?post=1351"},{"taxonomy":"post_tag","embeddable":true,"href":"https:\/\/blogsaverroes.juntadeandalucia.es\/ceipvalerianolopez\/wp-json\/wp\/v2\/tags?post=1351"}],"curies":[{"name":"wp","href":"https:\/\/api.w.org\/{rel}","templated":true}]}}