{"id":1358,"date":"2020-03-15T13:52:51","date_gmt":"2020-03-15T12:52:51","guid":{"rendered":"https:\/\/blogsaverroes.juntadeandalucia.es\/ceipvalerianolopez\/?p=1358"},"modified":"2020-03-15T14:06:55","modified_gmt":"2020-03-15T13:06:55","slug":"1358-2","status":"publish","type":"post","link":"https:\/\/blogsaverroes.juntadeandalucia.es\/ceipvalerianolopez\/1358-2\/","title":{"rendered":"Comunicado a las familias sobre \u00abEstado de Alarma\u00bb"},"content":{"rendered":"<p><span style=\"font-weight: 400\">Estimadas familias, la Consejer\u00eda de Educaci\u00f3n envi\u00f3 el 13 de marzo a los centros educativos unas instrucciones para el periodo de clases presenciales suspendidas que comunicaba el Presidente de la Junta de Andaluc\u00eda y que comienza el lunes 16 de marzo y se prolongar\u00e1 al menos dos semanas, momento en el que se valorar\u00e1 prorrogarse o no.<\/span><\/p>\n<p><a href=\"https:\/\/www.juntadeandalucia.es\/boja\/2020\/505\/1\"><b>Orden de 13 de marzo de 2020, por la que se adoptan medidas preventivas de salud p\u00fablica en la Comunidad de Andaluc\u00eda como consecuencia de la situaci\u00f3n y evoluci\u00f3n del coronavirus (COVID-19).<\/b><\/a><\/p>\n<p><span style=\"font-weight: 400\">Desde los centros y a trav\u00e9s de los cauces inform\u00e1ticos oportunos se proporcionar\u00e1n trabajos, tareas, ejercicios&#8230; para que el alumnado pueda continuar su trabajo en casa, ante la imposibilidad de hacerlo en el colegio.<\/span><\/p>\n<p><span style=\"font-weight: 400\">Este trabajo ser\u00e1 programado y entregado por sus maestros\/as a partir del lunes 16 de marzo y mientras contin\u00fae esta situaci\u00f3n.<\/span><\/p>\n<p><span style=\"font-weight: 400\">Por su parte la Junta de Andaluc\u00eda a ra\u00edz de la publicaci\u00f3n del <\/span><a href=\"https:\/\/www.boe.es\/buscar\/doc.php?id=BOE-A-2020-3692\"><span style=\"font-weight: 400\">Real Decreto <\/span><\/a><span style=\"font-weight: 400\">ha realizado un <\/span><a href=\"http:\/\/www.juntadeandalucia.es\/educacion\/portals\/web\/ced\/novedades\/-\/contenidos\/detalle\/covid-19-comunicado-urgente\"><span style=\"font-weight: 400\">nuevo comunicado el 14 de marzo<\/span><\/a><span style=\"font-weight: 400\"> sobre las nuevas medidas adoptadas por el coronavirus COVID-19.<\/span><\/p>\n<p><span style=\"font-size: 12pt;color: #0000ff\"><span style=\"font-weight: 400\">Seg\u00fan el <\/span><b>Real Decreto<\/b><span style=\"font-weight: 400\"> por el que se declara el estado de alarma para la gesti\u00f3n de la situaci\u00f3n de crisis sanitaria ocasionada por el<\/span><b> COVID-19,<\/b><span style=\"font-weight: 400\"> en la que entre otras consideraciones, adem\u00e1s de la <\/span><b>suspensi\u00f3n de la actividad educativa presencial,<\/b> <b>se contempla la suspensi\u00f3n de los plazos administrativos,<\/b><span style=\"font-weight: 400\"> la Consejer\u00eda de Educaci\u00f3n y Deporte de la Junta de Andaluc\u00eda ha adoptado las siguientes medidas, que se aplicar\u00e1n a partir del pr\u00f3ximo lunes 16 de marzo de 2020:<\/span><\/span><\/p>\n<ol>\n<li style=\"font-weight: 400\"><span style=\"font-size: 12pt;color: #0000ff\"><span style=\"font-weight: 400\">Los centros educativos permanecer\u00e1n cerrados. El seguimiento de las actividades educativas se har\u00e1, cuando sea posible,<\/span><b> por medios telem\u00e1ticos.<\/b><\/span><\/li>\n<li style=\"font-weight: 400\"><span style=\"font-size: 12pt;color: #0000ff\"><span style=\"font-weight: 400\">Se habilitar\u00e1, <\/span><b>a partir del mismo lunes<\/b><span style=\"font-weight: 400\">, una herramienta que permite solicitar plaza escolar en las ense\u00f1anzas de r\u00e9gimen general de <\/span><b>manera simplificada<\/b><span style=\"font-weight: 400\">, necesitando tan solo el n\u00famero de DNI y un tel\u00e9fono m\u00f3vil, sin perjuicio de que se determinen nuevos plazos. Se entender\u00e1 por momento de presentaci\u00f3n de dichas solicitudes la fecha en que se reanude el plazo.<\/span><\/span><\/li>\n<li style=\"font-weight: 400\"><span style=\"font-size: 12pt;color: #0000ff\"><span style=\"font-weight: 400\">El plazo establecido en el procedimiento para la <\/span><b>reserva de plaza para continuar en escuelas infantiles <\/b><span style=\"font-weight: 400\">de titularidad de la Junta de Andaluc\u00eda y en centros educativos de primer ciclo de educaci\u00f3n infantil p\u00fablicos y privados adheridos al Programa de ayuda a las familias, establecido del 15 al 31 de marzo, <\/span><b>se suspende y se establecer\u00e1 uno nuevo.<\/b><\/span><\/li>\n<\/ol>\n<p><span style=\"font-weight: 400\">Desde el CEIP Valeriano L\u00f3pez animamos a toda nuestra Comunidad Educativa a seguir las indicaciones que nos realizan desde los organismos oficiales.<\/span><\/p>\n<p>&nbsp;<\/p>\n<p><span style=\"font-weight: 400\">Para cualquier consulta estaremos disponibles desde diferentes v\u00edas:<\/span><\/p>\n<ul>\n<li style=\"font-weight: 400\"><span style=\"font-weight: 400\">P\u00e1gina WEB del Centro:https:\/\/blogsaverroes.juntadeandalucia.es\/ceipvalerianolopez\/<\/span><\/li>\n<li style=\"font-weight: 400\"><span style=\"font-weight: 400\">Comunicaciones IPASEN<\/span><\/li>\n<li style=\"font-weight: 400\"><span style=\"font-weight: 400\">Tel\u00e9fonos en horario de ma\u00f1ana: 671596064 (Direcci\u00f3n), 600158191 (Jefatura) y 600140482 (Secretar\u00eda)<\/span><\/li>\n<li style=\"font-weight: 400\"><span style=\"font-weight: 400\">Correo electr\u00f3nico:&nbsp;<\/span>\n<ul>\n<li style=\"font-weight: 400\"><a href=\"http:\/\/administracion@colegiovalerianolopez\"><span style=\"font-weight: 400\">administracion@colegiovalerianolopez<\/span><\/a><\/li>\n<li style=\"font-weight: 400\"><a href=\"mailto:29016173.edu@juntadeandalucia.es\"><b>29016173.edu@juntadeandalucia.es<\/b><\/a><\/li>\n<\/ul>\n<\/li>\n<\/ul>\n<p>&nbsp;<\/p>\n<p><span style=\"font-weight: 400\">Muchas gracias a todos por la comprensi\u00f3n.<\/span><\/p>\n<p><span style=\"font-weight: 400\">Les mantendremos informados puntualmente con las noticias que nos vayan llegando.<\/span><\/p>\n<p>Un cordial saludo<\/p>\n<p>&nbsp;<\/p>\n<p style=\"text-align: center\"><strong><span style=\"font-size: 14pt\">Equipo Directivo y Claustro del CEIP Valeriano L\u00f3pez<\/span><\/strong><\/p>\n<p><img loading=\"lazy\" decoding=\"async\" class=\"size-medium wp-image-1359 aligncenter\" src=\"https:\/\/blogsaverroes.juntadeandalucia.es\/ceipvalerianolopez\/files\/2020\/03\/home_icon-icons.com_73532-300x300.png\" alt=\"\" width=\"300\" height=\"300\" srcset=\"https:\/\/blogsaverroes.juntadeandalucia.es\/ceipvalerianolopez\/files\/2020\/03\/home_icon-icons.com_73532-300x300.png 300w, https:\/\/blogsaverroes.juntadeandalucia.es\/ceipvalerianolopez\/files\/2020\/03\/home_icon-icons.com_73532-150x150.png 150w, https:\/\/blogsaverroes.juntadeandalucia.es\/ceipvalerianolopez\/files\/2020\/03\/home_icon-icons.com_73532-100x100.png 100w, https:\/\/blogsaverroes.juntadeandalucia.es\/ceipvalerianolopez\/files\/2020\/03\/home_icon-icons.com_73532-246x246.png 246w, https:\/\/blogsaverroes.juntadeandalucia.es\/ceipvalerianolopez\/files\/2020\/03\/home_icon-icons.com_73532-185x185.png 185w, https:\/\/blogsaverroes.juntadeandalucia.es\/ceipvalerianolopez\/files\/2020\/03\/home_icon-icons.com_73532-220x220.png 220w, https:\/\/blogsaverroes.juntadeandalucia.es\/ceipvalerianolopez\/files\/2020\/03\/home_icon-icons.com_73532-60x60.png 60w, https:\/\/blogsaverroes.juntadeandalucia.es\/ceipvalerianolopez\/files\/2020\/03\/home_icon-icons.com_73532-384x384.png 384w, https:\/\/blogsaverroes.juntadeandalucia.es\/ceipvalerianolopez\/files\/2020\/03\/home_icon-icons.com_73532-24x24.png 24w, https:\/\/blogsaverroes.juntadeandalucia.es\/ceipvalerianolopez\/files\/2020\/03\/home_icon-icons.com_73532-36x36.png 36w, https:\/\/blogsaverroes.juntadeandalucia.es\/ceipvalerianolopez\/files\/2020\/03\/home_icon-icons.com_73532-48x48.png 48w, https:\/\/blogsaverroes.juntadeandalucia.es\/ceipvalerianolopez\/files\/2020\/03\/home_icon-icons.com_73532.png 512w\" sizes=\"(max-width: 300px) 100vw, 300px\" \/><\/p>\n","protected":false},"excerpt":{"rendered":"<p>Estimadas familias, la Consejer\u00eda de Educaci\u00f3n envi\u00f3 el 13 de marzo a los centros educativos unas instrucciones para el periodo de clases presenciales suspendidas que&hellip;<\/p>\n","protected":false},"author":8377,"featured_media":0,"comment_status":"open","ping_status":"open","sticky":false,"template":"","format":"standard","meta":{"ngg_post_thumbnail":0,"footnotes":""},"categories":[19],"tags":[348121,185379,348133,598374,26636,28,1852],"aioseo_notices":[],"_links":{"self":[{"href":"https:\/\/blogsaverroes.juntadeandalucia.es\/ceipvalerianolopez\/wp-json\/wp\/v2\/posts\/1358"}],"collection":[{"href":"https:\/\/blogsaverroes.juntadeandalucia.es\/ceipvalerianolopez\/wp-json\/wp\/v2\/posts"}],"about":[{"href":"https:\/\/blogsaverroes.juntadeandalucia.es\/ceipvalerianolopez\/wp-json\/wp\/v2\/types\/post"}],"author":[{"embeddable":true,"href":"https:\/\/blogsaverroes.juntadeandalucia.es\/ceipvalerianolopez\/wp-json\/wp\/v2\/users\/8377"}],"replies":[{"embeddable":true,"href":"https:\/\/blogsaverroes.juntadeandalucia.es\/ceipvalerianolopez\/wp-json\/wp\/v2\/comments?post=1358"}],"version-history":[{"count":5,"href":"https:\/\/blogsaverroes.juntadeandalucia.es\/ceipvalerianolopez\/wp-json\/wp\/v2\/posts\/1358\/revisions"}],"predecessor-version":[{"id":1364,"href":"https:\/\/blogsaverroes.juntadeandalucia.es\/ceipvalerianolopez\/wp-json\/wp\/v2\/posts\/1358\/revisions\/1364"}],"wp:attachment":[{"href":"https:\/\/blogsaverroes.juntadeandalucia.es\/ceipvalerianolopez\/wp-json\/wp\/v2\/media?parent=1358"}],"wp:term":[{"taxonomy":"category","embeddable":true,"href":"https:\/\/blogsaverroes.juntadeandalucia.es\/ceipvalerianolopez\/wp-json\/wp\/v2\/categories?post=1358"},{"taxonomy":"post_tag","embeddable":true,"href":"https:\/\/blogsaverroes.juntadeandalucia.es\/ceipvalerianolopez\/wp-json\/wp\/v2\/tags?post=1358"}],"curies":[{"name":"wp","href":"https:\/\/api.w.org\/{rel}","templated":true}]}}