{"id":138,"date":"2013-01-18T08:15:00","date_gmt":"2013-01-18T08:15:00","guid":{"rendered":"http:\/\/www.colegiovalerianolopez.com\/2013\/01\/18\/saludo-de-la-directora\/"},"modified":"2013-01-18T08:15:00","modified_gmt":"2013-01-18T08:15:00","slug":"saludo-de-la-directora","status":"publish","type":"post","link":"https:\/\/blogsaverroes.juntadeandalucia.es\/ceipvalerianolopez\/saludo-de-la-directora\/","title":{"rendered":"Saludo de la Directora"},"content":{"rendered":"<p>\t\t\t\t<title><\/title><\/p>\n<div style=\"clear: both;text-align: center\"><a href=\"http:\/\/3.bp.blogspot.com\/-lernsMzzoL8\/UPkG_RtcPXI\/AAAAAAAAAHA\/KOBlyH9f8Uw\/s1600\/isabel.jpg\" style=\"clear: left;float: left;margin-bottom: 1em;margin-right: 1em\"><img loading=\"lazy\" decoding=\"async\" border=\"0\" height=\"200\" src=\"http:\/\/3.bp.blogspot.com\/-lernsMzzoL8\/UPkG_RtcPXI\/AAAAAAAAAHA\/KOBlyH9f8Uw\/s200\/isabel.jpg\" width=\"173\" \/><\/a><\/div>\n<div align=\"JUSTIFY\" style=\",serif\"><span style=\"font-size: small\"><strong>&nbsp;E<\/strong>n nombre del Equipo Directivo quiero darles la bienvenida a  nuestro Centro.<\/span><\/div>\n<div align=\"JUSTIFY\" style=\",serif\"><span style=\"font-size: small\">Es nuestra intenci\u00f3n que en este blog<b> <\/b>quepan iniciativas, proyectos y nuevas ideas para seguir construyendo un colegio donde se difundan y extiendan valores como la democracia, el respeto, la responsabilidad, el esfuerzo y la tolerancia.<\/span><\/div>\n<div align=\"JUSTIFY\" style=\",serif\"><span style=\"font-size: small\">Queremos, adem\u00e1s, que este blog se convierta en un canal de informaci\u00f3n, comunicaci\u00f3n y participaci\u00f3n de todos los miembros de nuestra Comunidad Educativa y donde tengan cabida todas las acciones educativas e instructivas que realiza el colegio, fomentando la  convivencia en el mismo.<\/span><\/div>\n<div align=\"JUSTIFY\" style=\",serif\"><span style=\"font-size: small\">Nuestros esfuerzos se han centrado en ofrecerles un espacio claro, agradable y sencillo de manejar donde se incluyan todos los sectores de la oferta educativa  programada.<\/span><\/div>\n<div align=\"JUSTIFY\" style=\",serif\"><span style=\"font-size: small\">Finalmente, nuestro blog pretende ser un lugar din\u00e1mico por lo que estar\u00e1 sujeto a futuros cambios, incorporando nuevos elementos que consideremos de inter\u00e9s para nuestros actuales y futuros alumnos.<\/span><\/div>\n<div align=\"JUSTIFY\" style=\",serif\"><span style=\"font-size: small\">Esperamos que sea agradable y, sobre todo, \u00fatil para toda la Comunidad Educativa.<\/span><\/div>\n<div align=\"JUSTIFY\" style=\",serif\"><span style=\"font-size: small\"><br \/><\/span><\/div>\n<div align=\"JUSTIFY\" style=\",serif\"><span style=\"font-size: small\">Un cordial saludo, Isabel Zotano S\u00e1nchez<\/span><\/div>\n<div align=\"JUSTIFY\" style=\",serif\"><span style=\"font-size: small\">                                Directora.<\/span><\/div>\n","protected":false},"excerpt":{"rendered":"<p>&nbsp;En nombre del Equipo Directivo quiero darles la bienvenida a nuestro Centro. Es nuestra intenci\u00f3n que en este blog quepan iniciativas, proyectos y nuevas ideas&hellip;<\/p>\n","protected":false},"author":8377,"featured_media":0,"comment_status":"open","ping_status":"open","sticky":false,"template":"","format":"standard","meta":{"ngg_post_thumbnail":0,"footnotes":""},"categories":[19],"tags":[1],"aioseo_notices":[],"_links":{"self":[{"href":"https:\/\/blogsaverroes.juntadeandalucia.es\/ceipvalerianolopez\/wp-json\/wp\/v2\/posts\/138"}],"collection":[{"href":"https:\/\/blogsaverroes.juntadeandalucia.es\/ceipvalerianolopez\/wp-json\/wp\/v2\/posts"}],"about":[{"href":"https:\/\/blogsaverroes.juntadeandalucia.es\/ceipvalerianolopez\/wp-json\/wp\/v2\/types\/post"}],"author":[{"embeddable":true,"href":"https:\/\/blogsaverroes.juntadeandalucia.es\/ceipvalerianolopez\/wp-json\/wp\/v2\/users\/8377"}],"replies":[{"embeddable":true,"href":"https:\/\/blogsaverroes.juntadeandalucia.es\/ceipvalerianolopez\/wp-json\/wp\/v2\/comments?post=138"}],"version-history":[{"count":0,"href":"https:\/\/blogsaverroes.juntadeandalucia.es\/ceipvalerianolopez\/wp-json\/wp\/v2\/posts\/138\/revisions"}],"wp:attachment":[{"href":"https:\/\/blogsaverroes.juntadeandalucia.es\/ceipvalerianolopez\/wp-json\/wp\/v2\/media?parent=138"}],"wp:term":[{"taxonomy":"category","embeddable":true,"href":"https:\/\/blogsaverroes.juntadeandalucia.es\/ceipvalerianolopez\/wp-json\/wp\/v2\/categories?post=138"},{"taxonomy":"post_tag","embeddable":true,"href":"https:\/\/blogsaverroes.juntadeandalucia.es\/ceipvalerianolopez\/wp-json\/wp\/v2\/tags?post=138"}],"curies":[{"name":"wp","href":"https:\/\/api.w.org\/{rel}","templated":true}]}}